{"id":17106,"date":"2019-02-25T05:07:01","date_gmt":"2019-02-25T10:07:01","guid":{"rendered":"https:\/\/linitiative.ca\/International\/daoudi-la-decompensation-du-gaz-nest-pas-a-lordre-du-jour\/"},"modified":"2019-02-25T05:07:01","modified_gmt":"2019-02-25T10:07:01","slug":"daoudi-la-decompensation-du-gaz-nest-pas-a-lordre-du-jour","status":"publish","type":"post","link":"https:\/\/linitiative.ca\/International\/daoudi-la-decompensation-du-gaz-nest-pas-a-lordre-du-jour\/","title":{"rendered":"Daoudi : \u00ab la d\u00e9compensation du gaz n\u2019est pas \u00e0 l\u2019ordre du jour \u00bb"},"content":{"rendered":"<p>Le ministre charg\u00e9 des Affaires g\u00e9n\u00e9rales et de la Gouvernance, Lahcen Daoudi, a exclu toute prise de d\u00e9cision concernant la <strong>d\u00e9compensation<\/strong> du gaz.<\/p>\n<div class=\"c10\"\/>\n<p>\u00ab\u00a0Suite au toll\u00e9 soulev\u00e9 sur les r\u00e9seaux sociaux au sujet de la d\u00e9compensation du gaz, je tiens \u00e0 rassurer les citoyens marocains qu\u2019aucune d\u00e9cision n\u2019a \u00e9t\u00e9 prise dans ce sens\u00a0\u00bb, a-t-il annonc\u00e9 dans un post sur sa page Facebook.<\/p>\n<div class=\"fb-post\" data-href=\"https:\/\/www.facebook.com\/LahcenDaoudi.Officiel\/photos\/a.215263645234487\/2084855354941964\/?type=3\" data-width=\"750\">\n<blockquote cite=\"https:\/\/www.facebook.com\/LahcenDaoudi.Officiel\/photos\/a.215263645234487\/2084855354941964\/?type=3\" class=\"fb-xfbml-parse-ignore\">\n<p>\u0639\u0648\u062f\u0629 \u0644\u0645\u0648\u0636\u0648\u0639 \u0631\u0641\u0639 \u0627\u0644\u062f\u0639\u0645 \u0639\u0646 \u0627\u0644\u063a\u0627\u0632\u060c \u0648\u0646\u0638\u0631\u0627\u064b \u0644\u0645\u0627 \u0623\u064f\u062b\u064a\u0631 \u0641\u064a \u0645\u0648\u0627\u0642\u0639 \u0627\u0644\u062a\u0648\u0627\u0635\u0644 \u0627\u0644\u0627\u062c\u062a\u0645\u0627\u0639\u064a \u062d\u0648\u0644 \u0627\u0644\u0645\u0648\u0636\u0648\u0639\u060c \u0648\u062d\u062a\u0649 \u064a\u0637\u0645\u0626\u0646 \u0627\u0644\u0645\u0648\u0627\u0637\u0646 \u0627\u0644\u0645\u063a\u0631\u0628\u064a\u060c\u2026<\/p>\n<p>Publi\u00e9e par \u200e<a href=\"https:\/\/www.facebook.com\/LahcenDaoudi.Officiel\/\">\u0644\u062d\u0633\u0646 \u0627\u0644\u062f\u0627\u0648\u062f\u064a \u2013 Lahcen Daoudi<\/a>\u200e sur\u00a0<a href=\"https:\/\/www.facebook.com\/LahcenDaoudi.Officiel\/photos\/a.215263645234487\/2084855354941964\/?type=3\">Dimanche 24 f\u00e9vrier 2019<\/a><\/p>\n<\/blockquote>\n<\/div>\n<p>\u00ab\u00a0A l\u2019avenir, cette d\u00e9cision ne sera prise qu\u2019apr\u00e8s avoir veill\u00e9 \u00e0 ce que <strong>le pouvoir d\u2019achat<\/strong> des citoyens, en particulier de la classe moyenne et des d\u00e9munis, ne soit pas compromis par le registre social unifi\u00e9. Par cons\u00e9quent, il n\u2019y a actuellement aucune d\u00e9cision de lever les subventions sur le <strong>gaz<\/strong>\u00a0\u00bb, a pr\u00e9cis\u00e9 le ministre charg\u00e9 des Affaires g\u00e9n\u00e9rales et de la Gouvernance.<\/p>\n<div class=\"c17\">\n<fieldset class=\"c16\">\n<legend><strong><span class=\"c11\">Challenge<\/span><span class=\"c12\">news<\/span><\/strong><\/legend>\n<div class=\"c15\">Le meilleur de la r\u00e9daction s\u00e9lectionn\u00e9 par Challenge :<\/p>\n<\/div>\n<\/fieldset>\n<\/div>\n<p>Auteur: Hassan Manyani<br \/>\n<a href=\"https:\/\/www.challenge.ma\/daoudi-la-decompensation-du-gaz-nest-pas-a-lordre-du-jour-105294\/\">Cliquez ici pour lire l&rsquo;article depuis sa source.<\/a><\/p>\n","protected":false},"excerpt":{"rendered":"<p>Le ministre charg\u00e9 des Affaires g\u00e9n\u00e9rales et de la Gouvernance, Lahcen Daoudi, a exclu toute prise de d\u00e9cision concernant la d\u00e9compensation du gaz. \u00ab\u00a0Suite au toll\u00e9 soulev\u00e9 sur les r\u00e9seaux sociaux au sujet de la d\u00e9compensation du gaz, je tiens \u00e0 rassurer les citoyens marocains qu\u2019aucune d\u00e9cision n\u2019a \u00e9t\u00e9 prise dans ce sens\u00a0\u00bb, a-t-il annonc\u00e9 [&hellip;]<\/p>\n","protected":false},"author":1787,"featured_media":0,"comment_status":"closed","ping_status":"closed","sticky":false,"template":"","format":"standard","meta":{"fifu_image_url":"","fifu_image_alt":"","footnotes":""},"categories":[78,54],"tags":[],"class_list":["post-17106","post","type-post","status-publish","format-standard","hentry","category-economie","category-maroc"],"_links":{"self":[{"href":"https:\/\/linitiative.ca\/International\/wp-json\/wp\/v2\/posts\/17106","targetHints":{"allow":["GET"]}}],"collection":[{"href":"https:\/\/linitiative.ca\/International\/wp-json\/wp\/v2\/posts"}],"about":[{"href":"https:\/\/linitiative.ca\/International\/wp-json\/wp\/v2\/types\/post"}],"author":[{"embeddable":true,"href":"https:\/\/linitiative.ca\/International\/wp-json\/wp\/v2\/users\/1787"}],"replies":[{"embeddable":true,"href":"https:\/\/linitiative.ca\/International\/wp-json\/wp\/v2\/comments?post=17106"}],"version-history":[{"count":0,"href":"https:\/\/linitiative.ca\/International\/wp-json\/wp\/v2\/posts\/17106\/revisions"}],"wp:attachment":[{"href":"https:\/\/linitiative.ca\/International\/wp-json\/wp\/v2\/media?parent=17106"}],"wp:term":[{"taxonomy":"category","embeddable":true,"href":"https:\/\/linitiative.ca\/International\/wp-json\/wp\/v2\/categories?post=17106"},{"taxonomy":"post_tag","embeddable":true,"href":"https:\/\/linitiative.ca\/International\/wp-json\/wp\/v2\/tags?post=17106"}],"curies":[{"name":"wp","href":"https:\/\/api.w.org\/{rel}","templated":true}]}}