{"id":17177,"date":"2019-02-25T06:07:40","date_gmt":"2019-02-25T11:07:40","guid":{"rendered":"https:\/\/linitiative.ca\/International\/relizane-decouverte-dun-atelier-clandestin-de-fabrication-et-de-reutilisation-de-lor\/"},"modified":"2019-02-25T06:07:40","modified_gmt":"2019-02-25T11:07:40","slug":"relizane-decouverte-dun-atelier-clandestin-de-fabrication-et-de-reutilisation-de-lor","status":"publish","type":"post","link":"https:\/\/linitiative.ca\/International\/relizane-decouverte-dun-atelier-clandestin-de-fabrication-et-de-reutilisation-de-lor\/","title":{"rendered":"Relizane: d\u00e9couverte d\u2019un atelier clandestin de fabrication et de r\u00e9utilisation de l\u2019or"},"content":{"rendered":"<div>\n<div class=\"K2FeedImage\"><img decoding=\"async\" src=\"http:\/\/www.aps.dz\/media\/k2\/items\/cache\/4a8b72cb6a3bf845fa1f1edac646d2bf_S.jpg\" alt=\"Relizane: d\u00e9couverte d\u2019un atelier clandestin de fabrication et de r\u00e9utilisation de l\u2019or\"><\/div>\n<div class=\"K2FeedIntroText\">\n<p>\u00a0<\/p>\n<p><strong>RELIZANE &#8211; La brigade \u00e9conomique et financi\u00e8re de la police de Relizane a d\u00e9couvert un atelier clandestin de fabrication et de r\u00e9utilisation de l\u2019or et a arr\u00eat\u00e9 trois personnes, a-t-on appris dimanche de la cellule de communication et des relations publiques de la s\u00fbret\u00e9 de wilaya.<\/strong><\/p>\n<\/div>\n<div class=\"K2FeedFullText\">\n<p>Agissant sur informations faisant \u00e9tat de personnes qui vendaient des bijoux en or au centre-ville de Relizane dont la qualit\u00e9 est suspecte, un plan \u00e9tudi\u00e9 a \u00e9t\u00e9 mis en place et s&rsquo;est sold\u00e9 par l\u2019arrestation de trois ressortissants \u00e9trangers en possession de plus d&rsquo;un kilogramme d\u2019or sans estampillage, selon un communiqu\u00e9 de cette cellule.<\/p>\n<p>Apr\u00e8s enqu\u00eate et investigation et l&rsquo;extension de la comp\u00e9tence \u00e0 la wilaya d\u2019Oran, un atelier clandestin disposant de mat\u00e9riels modernes de fabrication de ces bijoux a \u00e9t\u00e9 d\u00e9couvert en plus d\u2019un v\u00e9hicule utilis\u00e9 dans le transport.<\/p>\n<p>Une proc\u00e9dure judiciaire a \u00e9t\u00e9 engag\u00e9e contre trois personnes arr\u00eat\u00e9es et pr\u00e9sent\u00e9es devant la justice pour les chefs d\u2019inculpation de cr\u00e9ation d&rsquo;un atelier clandestin pour la fabrication et la r\u00e9utilisation de l&rsquo;or, d&rsquo;exercice d&rsquo;une activit\u00e9 commerciale sans autorisation et sans factures et de vente de bijoux sans estampillage et r\u00e9sidence ill\u00e9gale.<\/p>\n<\/div>\n<\/div>\n<p>Auteur:<br \/>\n<a href=\"http:\/\/www.aps.dz\/regions\/86086-relizane-decouverte-d-un-atelier-clandestin-de-fabrication-et-de-reutilisation-de-l-or\">Cliquez ici pour lire l&rsquo;article depuis sa source.<\/a><\/p>\n","protected":false},"excerpt":{"rendered":"<p>\u00a0 RELIZANE &#8211; La brigade \u00e9conomique et financi\u00e8re de la police de Relizane a d\u00e9couvert un atelier clandestin de fabrication et de r\u00e9utilisation de l\u2019or et a arr\u00eat\u00e9 trois personnes, a-t-on appris dimanche de la cellule de communication et des relations publiques de la s\u00fbret\u00e9 de wilaya. Agissant sur informations faisant \u00e9tat de personnes qui [&hellip;]<\/p>\n","protected":false},"author":1790,"featured_media":17178,"comment_status":"closed","ping_status":"closed","sticky":false,"template":"","format":"standard","meta":{"fifu_image_url":"","fifu_image_alt":"","footnotes":""},"categories":[53,76],"tags":[],"class_list":["post-17177","post","type-post","status-publish","format-standard","has-post-thumbnail","hentry","category-algerie","category-regions"],"_links":{"self":[{"href":"https:\/\/linitiative.ca\/International\/wp-json\/wp\/v2\/posts\/17177","targetHints":{"allow":["GET"]}}],"collection":[{"href":"https:\/\/linitiative.ca\/International\/wp-json\/wp\/v2\/posts"}],"about":[{"href":"https:\/\/linitiative.ca\/International\/wp-json\/wp\/v2\/types\/post"}],"author":[{"embeddable":true,"href":"https:\/\/linitiative.ca\/International\/wp-json\/wp\/v2\/users\/1790"}],"replies":[{"embeddable":true,"href":"https:\/\/linitiative.ca\/International\/wp-json\/wp\/v2\/comments?post=17177"}],"version-history":[{"count":0,"href":"https:\/\/linitiative.ca\/International\/wp-json\/wp\/v2\/posts\/17177\/revisions"}],"wp:featuredmedia":[{"embeddable":true,"href":"https:\/\/linitiative.ca\/International\/wp-json\/"}],"wp:attachment":[{"href":"https:\/\/linitiative.ca\/International\/wp-json\/wp\/v2\/media?parent=17177"}],"wp:term":[{"taxonomy":"category","embeddable":true,"href":"https:\/\/linitiative.ca\/International\/wp-json\/wp\/v2\/categories?post=17177"},{"taxonomy":"post_tag","embeddable":true,"href":"https:\/\/linitiative.ca\/International\/wp-json\/wp\/v2\/tags?post=17177"}],"curies":[{"name":"wp","href":"https:\/\/api.w.org\/{rel}","templated":true}]}}