{"id":17185,"date":"2019-02-25T07:36:43","date_gmt":"2019-02-25T12:36:43","guid":{"rendered":"https:\/\/linitiative.ca\/International\/86101-football-france-la-fff-lancera-en-avril-sa-tv\/"},"modified":"2019-02-25T07:36:43","modified_gmt":"2019-02-25T12:36:43","slug":"86101-football-france-la-fff-lancera-en-avril-sa-tv","status":"publish","type":"post","link":"https:\/\/linitiative.ca\/International\/86101-football-france-la-fff-lancera-en-avril-sa-tv\/","title":{"rendered":"Football\/France: la FFF lancera en avril sa TV"},"content":{"rendered":"<div>\n<div class=\"K2FeedIntroText\">\n<p><strong>PARIS &#8211; La F\u00e9d\u00e9ration fran\u00e7aise de football (FFF) lancera le 7 avril prochain sa cha\u00eene de t\u00e9l\u00e9vision baptis\u00e9e \u00ab\u00a0FFF TV\u00a0\u00bb pour offrir un contenu gratuit d\u00e9j\u00e0 propos\u00e9 par elle sur YouTube, selon une information du quotidien L&rsquo;Equipe.<\/strong><\/p>\n<\/div>\n<div class=\"K2FeedFullText\">\n<p>L&rsquo;Union europ\u00e9enne de football (UEFA) a d\u00e9j\u00e0 annonc\u00e9 pour sa part qu&rsquo;elle lancera sa TV num\u00e9rique OTT (Over The Top) en juin prochain .<\/p>\n<p>Selon L&rsquo;Equipe, la FFF lancera sa TV \u00e0 l&rsquo;occasion de son centenaire avec comme objectif de \u00ab\u00a0centraliser sur sa nouvelle plateforme gratuite les contenus qu\u2019elle propose d\u00e9j\u00e0 sur YouTube, Dailymotion et son site internet\u00a0\u00bb, ajoutant que pour mener le projet, J\u00e9r\u00f4me Papin, ancien directeur de l\u2019antenne fran\u00e7aise d\u2019Eurosport, a \u00e9t\u00e9 recrut\u00e9.<\/p>\n<p>Parmi les objectifs de cette cha\u00eene est la distribution en direct de droits \u00e0 l\u2019\u00e9tranger. \u00ab\u00a0Pour les droits internationaux, on regarde pour la D 1 f\u00e9minine, notamment aux Etats-Unis, o\u00f9 on \u2018g\u00e9obloquerait\u2019 notre plate-forme chez eux et pourquoi pas en la rendant payante\u00a0\u00bb, a confi\u00e9 la DG de la FFF, Florence Hardouin.<\/p>\n<p>Pour sa part, la Ligue de football professionnelle (LFP) a, elle aussi, l&rsquo;intention de lancer sa propre cha\u00eene de TV (OTT) \u00e0 la prochaine saison.<\/p>\n<p>D&rsquo;apr\u00e8s le quotidien du sport, cette cha\u00eene est destin\u00e9e, dans un premier temps, \u00e0 l\u2019\u00e9tranger et son nom tournera autour de la marque Ligue 1.<\/p>\n<p>Le directeur ex\u00e9cutif de la LFP, Didier Quillot, a confi\u00e9 \u00e0 l&rsquo;Equipe qu&rsquo;en mati\u00e8re de strat\u00e9gie audiovisuelle, la LFP \u00ab\u00a0a rattrap\u00e9, voire d\u00e9pass\u00e9, la Serie A\u00a0\u00bb.<\/p>\n<p>\u00ab\u00a0Notre prochain objectif est de d\u00e9passer la Bundesliga car la Premier League et la Liga sont inaccessibles en termes de chiffres. Pour cela, il faut am\u00e9liorer la visibilit\u00e9 de la L 1 \u00e0 l\u2019international dans certains territoires\u00a0\u00bb, a-t-il expliqu\u00e9, soulignant que cette application OTT cr\u00e9era notamment un \u00ab\u00a0peu de concurrence\u00a0\u00bb o\u00f9 le championnat n\u2019est pas bien ou pas du tout distribu\u00e9, comme la Pologne, la Cor\u00e9e du Sud et la Belgique.<\/p>\n<p>La cha\u00eene de la LFP pourrait ainsi y diffuser, en fonction des pays, certains matches de Ligue 1, la Ligue 2 ou encore la Coupe de la Ligue via une distribution directe.<\/p>\n<p>Le charg\u00e9 du projet, Mathieu Ficot, a pr\u00e9cis\u00e9 que les prix seront \u00ab\u00a0adapt\u00e9s\u00a0\u00bb en fonction des march\u00e9s, laissant entrevoir que sa gratuit\u00e9 lors des premiers mois.<\/p>\n<\/div>\n<p><img loading=\"lazy\" decoding=\"async\" src=\"http:\/\/feeds.feedburner.com\/~r\/aps-sport\/~4\/vCz9YJaKTwg\" height=\"1\" width=\"1\" alt=\"\"><\/div>\n<p>Auteur:<br \/>\n<a href=\"http:\/\/www.aps.dz\/sport\/86101-football-france-la-fff-lancera-en-avril-sa-tv?utm_source=feedburner&#038;utm_medium=feed&#038;utm_campaign=Feed%3A+aps-sport+%28APS+-+SPORT%29\">Cliquez ici pour lire l&rsquo;article depuis sa source.<\/a><\/p>\n","protected":false},"excerpt":{"rendered":"<p>PARIS &#8211; La F\u00e9d\u00e9ration fran\u00e7aise de football (FFF) lancera le 7 avril prochain sa cha\u00eene de t\u00e9l\u00e9vision baptis\u00e9e \u00ab\u00a0FFF TV\u00a0\u00bb pour offrir un contenu gratuit d\u00e9j\u00e0 propos\u00e9 par elle sur YouTube, selon une information du quotidien L&rsquo;Equipe. L&rsquo;Union europ\u00e9enne de football (UEFA) a d\u00e9j\u00e0 annonc\u00e9 pour sa part qu&rsquo;elle lancera sa TV num\u00e9rique OTT (Over [&hellip;]<\/p>\n","protected":false},"author":1790,"featured_media":0,"comment_status":"closed","ping_status":"closed","sticky":false,"template":"","format":"standard","meta":{"fifu_image_url":"","fifu_image_alt":"","footnotes":""},"categories":[53,75],"tags":[],"class_list":["post-17185","post","type-post","status-publish","format-standard","hentry","category-algerie","category-sport"],"_links":{"self":[{"href":"https:\/\/linitiative.ca\/International\/wp-json\/wp\/v2\/posts\/17185","targetHints":{"allow":["GET"]}}],"collection":[{"href":"https:\/\/linitiative.ca\/International\/wp-json\/wp\/v2\/posts"}],"about":[{"href":"https:\/\/linitiative.ca\/International\/wp-json\/wp\/v2\/types\/post"}],"author":[{"embeddable":true,"href":"https:\/\/linitiative.ca\/International\/wp-json\/wp\/v2\/users\/1790"}],"replies":[{"embeddable":true,"href":"https:\/\/linitiative.ca\/International\/wp-json\/wp\/v2\/comments?post=17185"}],"version-history":[{"count":0,"href":"https:\/\/linitiative.ca\/International\/wp-json\/wp\/v2\/posts\/17185\/revisions"}],"wp:attachment":[{"href":"https:\/\/linitiative.ca\/International\/wp-json\/wp\/v2\/media?parent=17185"}],"wp:term":[{"taxonomy":"category","embeddable":true,"href":"https:\/\/linitiative.ca\/International\/wp-json\/wp\/v2\/categories?post=17185"},{"taxonomy":"post_tag","embeddable":true,"href":"https:\/\/linitiative.ca\/International\/wp-json\/wp\/v2\/tags?post=17185"}],"curies":[{"name":"wp","href":"https:\/\/api.w.org\/{rel}","templated":true}]}}