{"id":17188,"date":"2019-02-25T06:10:25","date_gmt":"2019-02-25T11:10:25","guid":{"rendered":"https:\/\/linitiative.ca\/International\/mila-3-conventions-de-partenariat-pour-ameliorer-la-formation-et-lintegration-professionnelle\/"},"modified":"2019-02-25T06:10:25","modified_gmt":"2019-02-25T11:10:25","slug":"mila-3-conventions-de-partenariat-pour-ameliorer-la-formation-et-lintegration-professionnelle","status":"publish","type":"post","link":"https:\/\/linitiative.ca\/International\/mila-3-conventions-de-partenariat-pour-ameliorer-la-formation-et-lintegration-professionnelle\/","title":{"rendered":"Mila: 3 conventions de partenariat pour am\u00e9liorer la formation et l\u2019int\u00e9gration professionnelle"},"content":{"rendered":"<div>\n<div class=\"K2FeedImage\"><img decoding=\"async\" src=\"http:\/\/www.aps.dz\/media\/k2\/items\/cache\/5656f33d5799755e0fe5934aa433ca72_S.jpg\" alt=\"Mila: 3 conventions de partenariat pour am\u00e9liorer la formation et l\u2019int\u00e9gration professionnelle\"><\/div>\n<div class=\"K2FeedIntroText\">\n<p><strong>MILA &#8211; La direction de la formation et de l\u2019enseignement professionnels de la wilaya de Mila a sign\u00e9 dimanche trois conventions de partenariat avec de partenaires locaux en vue d\u2019am\u00e9liorer la formation et l\u2019int\u00e9gration professionnelle des apprenants, \u00e0 l\u2019occasion de la rentr\u00e9e de la session du mois de f\u00e9vrier 2019.<\/strong><\/p>\n<\/div>\n<div class=\"K2FeedFullText\">\n<p>Ces conventions de partenariat ont \u00e9t\u00e9 sign\u00e9es avec l\u2019entreprise publique locale de gestion des centres d\u2019enfouissement technique en vue d\u2019embaucher les dipl\u00f4m\u00e9s du secteur dans le domaine de la collecte et le tri des d\u00e9chets, le Complexe Industriel et commercial de Beni Haroun relevant de la filiale c\u00e9r\u00e9ales Constantine et l\u2019Assembl\u00e9e populaire de Hemmala pour former la femme rurale, selon la directrice locale du secteur, Mme. Samira Belmadjet.<\/p>\n<p>Donnant le coup d\u2019envoi de la deuxi\u00e8me session de la rentr\u00e9e professionnelle \u00e0 partir du centre de formation professionnelle les chahid Ahmed et Tayeb Boukezoula de Grarem Gouga, Mme. Belmadjet a indiqu\u00e9 que pas moins de 4438 nouveaux stagiaires ont rejoint dimanche les bancs des 16 \u00e9tablissements du secteur de la formation et de l\u2019enseignement professionnels de la wilaya de Mila.<\/p>\n<p>Selon la m\u00eame responsable, 109 sp\u00e9cialit\u00e9s dont 5 nouvellement introduites sont propos\u00e9es dans la wilaya de Mila au titre de cette deuxi\u00e8me session de la formation soulignant que 280 enseignants sont charg\u00e9s d\u2019encadrer les apprenants r\u00e9partis \u00e0 travers les 14 centres de formation professionnelle de la wilaya et l\u2019institut national sp\u00e9cialis\u00e9 et de son annexe.<\/p>\n<p>Fait marquant de cette deuxi\u00e8me session de la rentr\u00e9e professionnelle, pr\u00e8s de 68% des nouveaux stagiaires ont opt\u00e9 pour la formation par apprentissage, taux que d\u00e9passe l\u2019objectif de 60 % que s\u2019est fix\u00e9 le minist\u00e8re de tutelle, a-t-on pr\u00e9cis\u00e9 de m\u00eame source.<\/p>\n<\/div>\n<\/div>\n<p>Auteur:<br \/>\n<a href=\"http:\/\/www.aps.dz\/regions\/86088-mila-3-conventions-de-partenariat-pour-ameliorer-la-formation-et-l-integration-professionnelle\">Cliquez ici pour lire l&rsquo;article depuis sa source.<\/a><\/p>\n","protected":false},"excerpt":{"rendered":"<p>MILA &#8211; La direction de la formation et de l\u2019enseignement professionnels de la wilaya de Mila a sign\u00e9 dimanche trois conventions de partenariat avec de partenaires locaux en vue d\u2019am\u00e9liorer la formation et l\u2019int\u00e9gration professionnelle des apprenants, \u00e0 l\u2019occasion de la rentr\u00e9e de la session du mois de f\u00e9vrier 2019. Ces conventions de partenariat ont [&hellip;]<\/p>\n","protected":false},"author":1790,"featured_media":17190,"comment_status":"closed","ping_status":"closed","sticky":false,"template":"","format":"standard","meta":{"fifu_image_url":"","fifu_image_alt":"","footnotes":""},"categories":[53,76],"tags":[],"class_list":["post-17188","post","type-post","status-publish","format-standard","has-post-thumbnail","hentry","category-algerie","category-regions"],"_links":{"self":[{"href":"https:\/\/linitiative.ca\/International\/wp-json\/wp\/v2\/posts\/17188","targetHints":{"allow":["GET"]}}],"collection":[{"href":"https:\/\/linitiative.ca\/International\/wp-json\/wp\/v2\/posts"}],"about":[{"href":"https:\/\/linitiative.ca\/International\/wp-json\/wp\/v2\/types\/post"}],"author":[{"embeddable":true,"href":"https:\/\/linitiative.ca\/International\/wp-json\/wp\/v2\/users\/1790"}],"replies":[{"embeddable":true,"href":"https:\/\/linitiative.ca\/International\/wp-json\/wp\/v2\/comments?post=17188"}],"version-history":[{"count":0,"href":"https:\/\/linitiative.ca\/International\/wp-json\/wp\/v2\/posts\/17188\/revisions"}],"wp:featuredmedia":[{"embeddable":true,"href":"https:\/\/linitiative.ca\/International\/wp-json\/"}],"wp:attachment":[{"href":"https:\/\/linitiative.ca\/International\/wp-json\/wp\/v2\/media?parent=17188"}],"wp:term":[{"taxonomy":"category","embeddable":true,"href":"https:\/\/linitiative.ca\/International\/wp-json\/wp\/v2\/categories?post=17188"},{"taxonomy":"post_tag","embeddable":true,"href":"https:\/\/linitiative.ca\/International\/wp-json\/wp\/v2\/tags?post=17188"}],"curies":[{"name":"wp","href":"https:\/\/api.w.org\/{rel}","templated":true}]}}