{"id":17192,"date":"2019-02-25T06:19:34","date_gmt":"2019-02-25T11:19:34","guid":{"rendered":"https:\/\/linitiative.ca\/International\/formation-professionnelle-deux-instituts-nationaux-specialises-a-batna-et-barika\/"},"modified":"2019-02-25T06:19:34","modified_gmt":"2019-02-25T11:19:34","slug":"formation-professionnelle-deux-instituts-nationaux-specialises-a-batna-et-barika","status":"publish","type":"post","link":"https:\/\/linitiative.ca\/International\/formation-professionnelle-deux-instituts-nationaux-specialises-a-batna-et-barika\/","title":{"rendered":"Formation professionnelle: deux Instituts nationaux sp\u00e9cialis\u00e9s \u00e0 Batna et Barika"},"content":{"rendered":"<div>\n<div class=\"K2FeedImage\"><img decoding=\"async\" src=\"http:\/\/www.aps.dz\/media\/k2\/items\/cache\/7a386ae7c083e9e011a121893ec267d1_S.jpg\" alt=\"Formation professionnelle: deux Instituts nationaux sp\u00e9cialis\u00e9s \u00e0 Batna et Barika\"><\/div>\n<div class=\"K2FeedIntroText\">\n<p><strong>BATNA &#8211; Le secteur de la formation professionnelle dans la wilaya de Batna s\u2019est renforc\u00e9 dimanche de deux\u00a0 Instituts nationaux sp\u00e9cialis\u00e9s de formation professionnelle (INSFP) ouverts \u00e0 Barika et Batna, a indiqu\u00e9 le directeur du secteur Saad Ferahta.<\/strong><\/p>\n<\/div>\n<div class=\"K2FeedFullText\">\n<p>L\u2019INSFP de Barika jouit d\u2019une capacit\u00e9 de 300 places avec internat de 120 lits et enseigne trois sp\u00e9cialit\u00e9s, \u00e0 savoir l\u2019\u00e9lectronique industrielle, la gestion des ressources humaines et la comptabilit\u00e9, selon les explications fournies par ce responsable au wali \u00e0 l\u2019occasion de l\u2019ouverture de la session professionnelle de f\u00e9vrier.<\/p>\n<p>Il a \u00e9galement pr\u00e9cis\u00e9 que l\u2019INSFP de Batna de 300 places enseigne trois fili\u00e8res, soit l\u2019entretien des machines de tissage, la maintenance industrielle et l\u2019\u00e9lectronique industrielle.<\/p>\n<hr>\n<h3>Lire aussi:\u00a0<a href=\"http:\/\/www.aps.dz\/regions\/86088-mila-3-conventions-de-partenariat-pour-ameliorer-la-formation-et-l-integration-professionnelle\" target=\"_blank\" rel=\"noopener noreferrer\">Mila: 3 conventions de partenariat pour am\u00e9liorer la formation et l\u2019int\u00e9gration professionnelle<\/a><\/h3>\n<hr>\n<p>La wilaya de Batna compte d\u00e9sormais quatre INSFP et un institut d\u2019enseignement professionnel \u00e0 Batna, Oued Chaaba et Barika. Les travaux sont en cours pour la r\u00e9alisation de deux autres instituts \u00e0 El Madher (300 places) et Ouled Si Slimane (250 places), selon la m\u00eame source.<\/p>\n<p>Le wali Abdelkhalek Sayouda a fait \u00e9tat de la programmation d\u2019un INSFP \u00e0 Arris qui sera sp\u00e9cialis\u00e9 en h\u00f4tellerie et tourisme.<\/p>\n<p>Deux annexes de CFPA sont en chantier \u00e0 Ain Yagout et Bouzina, selon le m\u00eame responsable qui a indiqu\u00e9 que neuf \u00e9quipements techniques p\u00e9dagogiques de 240 millions DA seront accord\u00e9s au secteur dans la wilaya.<\/p>\n<p>Le nombre d\u2019inscrits aux diff\u00e9rents \u00e9tablissements de formation professionnelle de la wilaya est pass\u00e9, avec le lancement de la session de f\u00e9vrier, \u00e0 17.521 dont 7.839 nouveaux stagiaires.<\/p>\n<\/div>\n<\/div>\n<p>Auteur:<br \/>\n<a href=\"http:\/\/www.aps.dz\/regions\/86089-formation-professionnelle-ouverture-a-batna-et-barika-de-2-instituts-nationaux-specialises\">Cliquez ici pour lire l&rsquo;article depuis sa source.<\/a><\/p>\n","protected":false},"excerpt":{"rendered":"<p>BATNA &#8211; Le secteur de la formation professionnelle dans la wilaya de Batna s\u2019est renforc\u00e9 dimanche de deux\u00a0 Instituts nationaux sp\u00e9cialis\u00e9s de formation professionnelle (INSFP) ouverts \u00e0 Barika et Batna, a indiqu\u00e9 le directeur du secteur Saad Ferahta. L\u2019INSFP de Barika jouit d\u2019une capacit\u00e9 de 300 places avec internat de 120 lits et enseigne trois [&hellip;]<\/p>\n","protected":false},"author":1790,"featured_media":17194,"comment_status":"closed","ping_status":"closed","sticky":false,"template":"","format":"standard","meta":{"fifu_image_url":"","fifu_image_alt":"","footnotes":""},"categories":[53,76],"tags":[],"class_list":["post-17192","post","type-post","status-publish","format-standard","has-post-thumbnail","hentry","category-algerie","category-regions"],"_links":{"self":[{"href":"https:\/\/linitiative.ca\/International\/wp-json\/wp\/v2\/posts\/17192","targetHints":{"allow":["GET"]}}],"collection":[{"href":"https:\/\/linitiative.ca\/International\/wp-json\/wp\/v2\/posts"}],"about":[{"href":"https:\/\/linitiative.ca\/International\/wp-json\/wp\/v2\/types\/post"}],"author":[{"embeddable":true,"href":"https:\/\/linitiative.ca\/International\/wp-json\/wp\/v2\/users\/1790"}],"replies":[{"embeddable":true,"href":"https:\/\/linitiative.ca\/International\/wp-json\/wp\/v2\/comments?post=17192"}],"version-history":[{"count":0,"href":"https:\/\/linitiative.ca\/International\/wp-json\/wp\/v2\/posts\/17192\/revisions"}],"wp:featuredmedia":[{"embeddable":true,"href":"https:\/\/linitiative.ca\/International\/wp-json\/"}],"wp:attachment":[{"href":"https:\/\/linitiative.ca\/International\/wp-json\/wp\/v2\/media?parent=17192"}],"wp:term":[{"taxonomy":"category","embeddable":true,"href":"https:\/\/linitiative.ca\/International\/wp-json\/wp\/v2\/categories?post=17192"},{"taxonomy":"post_tag","embeddable":true,"href":"https:\/\/linitiative.ca\/International\/wp-json\/wp\/v2\/tags?post=17192"}],"curies":[{"name":"wp","href":"https:\/\/api.w.org\/{rel}","templated":true}]}}