{"id":17270,"date":"2019-02-25T08:21:38","date_gmt":"2019-02-25T13:21:38","guid":{"rendered":"https:\/\/linitiative.ca\/International\/des-chutes-de-neige-prevues-sur-les-reliefs-de-lest-depassant-les-900-metres-daltitude\/"},"modified":"2019-02-25T08:21:38","modified_gmt":"2019-02-25T13:21:38","slug":"des-chutes-de-neige-prevues-sur-les-reliefs-de-lest-depassant-les-900-metres-daltitude","status":"publish","type":"post","link":"https:\/\/linitiative.ca\/International\/des-chutes-de-neige-prevues-sur-les-reliefs-de-lest-depassant-les-900-metres-daltitude\/","title":{"rendered":"<div>Des chutes de neige pr\u00e9vues sur les reliefs de l&rsquo;Est d\u00e9passant les 900 m\u00e8tres d&rsquo;altitude<\/div>"},"content":{"rendered":"<div>\n<div class=\"K2FeedImage\"><img decoding=\"async\" src=\"http:\/\/www.aps.dz\/media\/k2\/items\/cache\/000469ad51dde4c4159ebd31c13f93c5_S.jpg\" alt=\"Des chutes de neige pr\u00e9vues sur les reliefs de l'Est d\u00e9passant les 900 m\u00e8tres d'altitude\"><\/div>\n<div class=\"K2FeedIntroText\">\n<p><strong>ALGER &#8211; Des chutes de neige sont pr\u00e9vues mardi sur les reliefs de l&rsquo;Est du pays d\u00e9passant les 900 m\u00e8tres d&rsquo;altitude, selon un Bulletin m\u00e9t\u00e9orologique sp\u00e9cial (BMS) de l&rsquo;Office national de m\u00e9t\u00e9orologie (ONM).<\/strong><\/p>\n<\/div>\n<div class=\"K2FeedFullText\">\n<h3>\u00a0<\/h3>\n<p>Les chutes de neige affecteront les wilayas de Batna, Khenchela, T\u00e9bessa, Oum El Bouaghi et Souk Ahras o\u00f9 l&rsquo;\u00e9paisseur de la neige cumul\u00e9e devrait atteindre ou d\u00e9passer localement 15 cm durant la validit\u00e9 de ce BMS en cours mardi de 3h \u00e0 12h, pr\u00e9cise la m\u00eame source.<\/p>\n<\/div>\n<\/div>\n<p>Auteur:<br \/>\n<a href=\"http:\/\/www.aps.dz\/regions\/86105-des-chutes-de-neige-prevues-sur-les-reliefs-de-l-est-depassant-les-900-metres-d-altitude\">Cliquez ici pour lire l&rsquo;article depuis sa source.<\/a><\/p>\n","protected":false},"excerpt":{"rendered":"<p>ALGER &#8211; Des chutes de neige sont pr\u00e9vues mardi sur les reliefs de l&rsquo;Est du pays d\u00e9passant les 900 m\u00e8tres d&rsquo;altitude, selon un Bulletin m\u00e9t\u00e9orologique sp\u00e9cial (BMS) de l&rsquo;Office national de m\u00e9t\u00e9orologie (ONM). \u00a0 Les chutes de neige affecteront les wilayas de Batna, Khenchela, T\u00e9bessa, Oum El Bouaghi et Souk Ahras o\u00f9 l&rsquo;\u00e9paisseur de la [&hellip;]<\/p>\n","protected":false},"author":1790,"featured_media":17273,"comment_status":"closed","ping_status":"closed","sticky":false,"template":"","format":"standard","meta":{"fifu_image_url":"","fifu_image_alt":"","footnotes":""},"categories":[53,76],"tags":[],"class_list":["post-17270","post","type-post","status-publish","format-standard","has-post-thumbnail","hentry","category-algerie","category-regions"],"_links":{"self":[{"href":"https:\/\/linitiative.ca\/International\/wp-json\/wp\/v2\/posts\/17270","targetHints":{"allow":["GET"]}}],"collection":[{"href":"https:\/\/linitiative.ca\/International\/wp-json\/wp\/v2\/posts"}],"about":[{"href":"https:\/\/linitiative.ca\/International\/wp-json\/wp\/v2\/types\/post"}],"author":[{"embeddable":true,"href":"https:\/\/linitiative.ca\/International\/wp-json\/wp\/v2\/users\/1790"}],"replies":[{"embeddable":true,"href":"https:\/\/linitiative.ca\/International\/wp-json\/wp\/v2\/comments?post=17270"}],"version-history":[{"count":0,"href":"https:\/\/linitiative.ca\/International\/wp-json\/wp\/v2\/posts\/17270\/revisions"}],"wp:featuredmedia":[{"embeddable":true,"href":"https:\/\/linitiative.ca\/International\/wp-json\/"}],"wp:attachment":[{"href":"https:\/\/linitiative.ca\/International\/wp-json\/wp\/v2\/media?parent=17270"}],"wp:term":[{"taxonomy":"category","embeddable":true,"href":"https:\/\/linitiative.ca\/International\/wp-json\/wp\/v2\/categories?post=17270"},{"taxonomy":"post_tag","embeddable":true,"href":"https:\/\/linitiative.ca\/International\/wp-json\/wp\/v2\/tags?post=17270"}],"curies":[{"name":"wp","href":"https:\/\/api.w.org\/{rel}","templated":true}]}}