{"id":17276,"date":"2019-02-25T11:29:24","date_gmt":"2019-02-25T16:29:24","guid":{"rendered":"https:\/\/linitiative.ca\/International\/86118-foot-coupe-d-algerie-jsm-bejaia-paradou-ac-les-9-et-29-mars\/"},"modified":"2019-02-25T11:29:24","modified_gmt":"2019-02-25T16:29:24","slug":"86118-foot-coupe-d-algerie-jsm-bejaia-paradou-ac-les-9-et-29-mars","status":"publish","type":"post","link":"https:\/\/linitiative.ca\/International\/86118-foot-coupe-d-algerie-jsm-bejaia-paradou-ac-les-9-et-29-mars\/","title":{"rendered":"<div>Foot\/ Coupe d&rsquo;Alg\u00e9rie : JSM B\u00e9ja\u00efa &#8211; Paradou AC les 9 et 29 mars<\/div>"},"content":{"rendered":"<div>\n<div class=\"K2FeedImage\"><img decoding=\"async\" src=\"http:\/\/www.aps.dz\/media\/k2\/items\/cache\/af509bfe369f4a4e3f48d3f21302c812_S.jpg\" alt=\"Foot\/ Coupe d'Alg\u00e9rie : JSM B\u00e9ja\u00efa - Paradou AC les 9 et 29 mars\"><\/div>\n<div class=\"K2FeedIntroText\">\n<p>ALGER &#8211; Le quart de finale en aller et retour de la Coupe d&rsquo;Alg\u00e9rie JSM B\u00e9ja\u00efa &#8211; Paradou AC se d\u00e9roulera les 9 et 29 mars prochains, a indiqu\u00e9 lundi la F\u00e9d\u00e9ration alg\u00e9rienne de football (FAF).<\/p>\n<\/div>\n<div class=\"K2FeedFullText\">\n<p>La manche aller se d\u00e9roulera le 9 mars \u00e0 16h00 au stade de l&rsquo;Unit\u00e9 maghr\u00e9bine de B\u00e9ja\u00efa, tandis que le match retour aura lieu le 29 du m\u00eame mois \u00e0 14h30 au stade Omar-Hamadi\u00a0 (Alger).<\/p>\n<p>\u00a0<\/p>\n<p><span style=\"font-size: 12pt;\"><strong>Programme des quarts de finale:<\/strong><\/span><\/p>\n<p>\u00a0<\/p>\n<p><strong>ALLER<\/strong><\/p>\n<p>CR Belouizdad &#8211; NA Husse\u00efn-Dey 0-1\u00a0\u00a0\u00a0\u00a0\u00a0<\/p>\n<p>USM Annaba &#8211; ES S\u00e9tif\u00a0\u00a0\u00a0\u00a0\u00a0\u00a0 2-0<\/p>\n<p>\u00a0<\/p>\n<p>Samedi 9 mars 2019 :<\/p>\n<p>Stade de l&rsquo;Unit\u00e9 maghr\u00e9bine (B\u00e9ja\u00efa): JSM B\u00e9ja\u00efa &#8211; Paradou AC (16h00)<\/p>\n<p>\u00a0<\/p>\n<p>Mardi 12 mars 2019 :<\/p>\n<p>Stade Chahid-Hamlaoui (Constantine): CS Constantine &#8211; MC Oran (17h00)<\/p>\n<p>\u00a0<\/p>\n<p><strong>RETOUR\u00a0<\/strong><\/p>\n<p>Mercredi 27 f\u00e9vrier 2019 :<\/p>\n<p>Stade 8-Mai-1945 (S\u00e9tif): ES S\u00e9tif &#8211; USM Annaba (17h00)\u00a0\u00a0\u00a0<\/p>\n<p>\u00a0<\/p>\n<p>Jeudi 28 mars 2019 :<\/p>\n<p>Stade 5-Juillet-1962 (Alger): NA Husse\u00efn-Dey &#8211; CR Belouizdad\u00a0\u00a0\u00a0\u00a0<\/p>\n<p>\u00a0<\/p>\n<p>Vendredi 29 mars 2019 :<\/p>\n<p>Stade Omar-Hamadi (Alger): Paradou AC &#8211; JSM B\u00e9ja\u00efa (14h30)<\/p>\n<p>Stade Ahmed-Zabana (Oran): MC Oran &#8211; CS Constantine.<\/p>\n<\/div>\n<p><img loading=\"lazy\" decoding=\"async\" src=\"http:\/\/feeds.feedburner.com\/~r\/aps-sport\/~4\/liLHdA0nyuo\" height=\"1\" width=\"1\" alt=\"\"><\/div>\n<p>Auteur:<br \/>\n<a href=\"http:\/\/www.aps.dz\/sport\/86118-foot-coupe-d-algerie-jsm-bejaia-paradou-ac-les-9-et-29-mars?utm_source=feedburner&#038;utm_medium=feed&#038;utm_campaign=Feed%3A+aps-sport+%28APS+-+SPORT%29\">Cliquez ici pour lire l&rsquo;article depuis sa source.<\/a><\/p>\n","protected":false},"excerpt":{"rendered":"<p>ALGER &#8211; Le quart de finale en aller et retour de la Coupe d&rsquo;Alg\u00e9rie JSM B\u00e9ja\u00efa &#8211; Paradou AC se d\u00e9roulera les 9 et 29 mars prochains, a indiqu\u00e9 lundi la F\u00e9d\u00e9ration alg\u00e9rienne de football (FAF). La manche aller se d\u00e9roulera le 9 mars \u00e0 16h00 au stade de l&rsquo;Unit\u00e9 maghr\u00e9bine de B\u00e9ja\u00efa, tandis que [&hellip;]<\/p>\n","protected":false},"author":1790,"featured_media":17280,"comment_status":"closed","ping_status":"closed","sticky":false,"template":"","format":"standard","meta":{"fifu_image_url":"","fifu_image_alt":"","footnotes":""},"categories":[53,75],"tags":[],"class_list":["post-17276","post","type-post","status-publish","format-standard","has-post-thumbnail","hentry","category-algerie","category-sport"],"_links":{"self":[{"href":"https:\/\/linitiative.ca\/International\/wp-json\/wp\/v2\/posts\/17276","targetHints":{"allow":["GET"]}}],"collection":[{"href":"https:\/\/linitiative.ca\/International\/wp-json\/wp\/v2\/posts"}],"about":[{"href":"https:\/\/linitiative.ca\/International\/wp-json\/wp\/v2\/types\/post"}],"author":[{"embeddable":true,"href":"https:\/\/linitiative.ca\/International\/wp-json\/wp\/v2\/users\/1790"}],"replies":[{"embeddable":true,"href":"https:\/\/linitiative.ca\/International\/wp-json\/wp\/v2\/comments?post=17276"}],"version-history":[{"count":0,"href":"https:\/\/linitiative.ca\/International\/wp-json\/wp\/v2\/posts\/17276\/revisions"}],"wp:featuredmedia":[{"embeddable":true,"href":"https:\/\/linitiative.ca\/International\/wp-json\/"}],"wp:attachment":[{"href":"https:\/\/linitiative.ca\/International\/wp-json\/wp\/v2\/media?parent=17276"}],"wp:term":[{"taxonomy":"category","embeddable":true,"href":"https:\/\/linitiative.ca\/International\/wp-json\/wp\/v2\/categories?post=17276"},{"taxonomy":"post_tag","embeddable":true,"href":"https:\/\/linitiative.ca\/International\/wp-json\/wp\/v2\/tags?post=17276"}],"curies":[{"name":"wp","href":"https:\/\/api.w.org\/{rel}","templated":true}]}}