{"id":17278,"date":"2019-02-25T11:41:56","date_gmt":"2019-02-25T16:41:56","guid":{"rendered":"https:\/\/linitiative.ca\/International\/skikda-lancement-des-journees-portes-ouvertes-sur-les-forces-aeriennes\/"},"modified":"2019-02-25T11:41:56","modified_gmt":"2019-02-25T16:41:56","slug":"skikda-lancement-des-journees-portes-ouvertes-sur-les-forces-aeriennes","status":"publish","type":"post","link":"https:\/\/linitiative.ca\/International\/skikda-lancement-des-journees-portes-ouvertes-sur-les-forces-aeriennes\/","title":{"rendered":"Skikda: lancement des journ\u00e9es portes ouvertes sur les forces a\u00e9riennes"},"content":{"rendered":"<div>\n<div class=\"K2FeedIntroText\">\n<p><strong>SKIKDA &#8211; L\u2019Arm\u00e9e nationale populaire (ANP) organise depuis lundi \u00e0 la maison de la culture Mohamed Seradj de Skikda des journ\u00e9es portes ouvertes sur son arsenal de d\u00e9fense a\u00e9rienne.<\/strong><\/p>\n<\/div>\n<div class=\"K2FeedFullText\">\n<p>Le coup d\u2019envoi de cette manifestation de trois jours a \u00e9t\u00e9 donn\u00e9 par le repr\u00e9sentant du Commandant des forces a\u00e9riennes, le Commandant de l\u2019Air de la 5\u00e8me R\u00e9gion militaire, le G\u00e9n\u00e9ral Abdelhamid Houacine, en pr\u00e9sence des autorit\u00e9s civiles et militaires de la wilaya de Skikda et de membres de la famille r\u00e9volutionnaire.<\/p>\n<p>Le charg\u00e9 de communication du commandement des forces a\u00e9riennes, le colonel Amar Sarhane \u00e0 indiqu\u00e9 \u00e0 l\u2019APS que \u00ab\u00a0cet \u00e9v\u00e9nement s\u2019inscrit dans la d\u00e9marche adopt\u00e9e par le haut Commandement de l\u2019Arm\u00e9e nationale populaire (ANP) visant \u00e0 renforcer la communication entre l&rsquo;institution militaire et les citoyens et \u00e0 mettre en avant le degr\u00e9 de professionnalisme atteint par les Forces a\u00e9riennes\u00a0\u00bb.<\/p>\n<p>Ces journ\u00e9es portes ouvertes offrent au public la possibilit\u00e9 de s&rsquo;informer sur la composition de l&rsquo;ANP avec ses diff\u00e9rents corps et missions, a-t-il ajout\u00e9.<\/p>\n<p>En plus des diff\u00e9rents pavillons d\u00e9di\u00e9s aux activit\u00e9s du commandement des forces a\u00e9riennes, au service de recherche et sauvetage d\u2019avions en d\u00e9tresse et \u00e0 l\u2019institut de d\u00e9veloppement et de recherche, ces portes ouvertes devant se poursuive jusqu\u2019au 27 f\u00e9vrier, vont permettre aux visiteurs notamment aux jeunes d\u00e9sirant rejoindre les rangs de l\u2019ANP, d\u2019avoir un aper\u00e7u sur les diff\u00e9rentes sp\u00e9cialit\u00e9s a\u00e9ronautiques dispens\u00e9es dans leurs diff\u00e9rents \u00e9tablissements de formation, a fait savoir la m\u00eame source.<\/p>\n<\/div>\n<\/div>\n<p>Auteur:<br \/>\n<a href=\"http:\/\/www.aps.dz\/regions\/86120-skikda-lancement-des-journees-portes-ouvertes-sur-les-forces-aeriennes\">Cliquez ici pour lire l&rsquo;article depuis sa source.<\/a><\/p>\n","protected":false},"excerpt":{"rendered":"<p>SKIKDA &#8211; L\u2019Arm\u00e9e nationale populaire (ANP) organise depuis lundi \u00e0 la maison de la culture Mohamed Seradj de Skikda des journ\u00e9es portes ouvertes sur son arsenal de d\u00e9fense a\u00e9rienne. Le coup d\u2019envoi de cette manifestation de trois jours a \u00e9t\u00e9 donn\u00e9 par le repr\u00e9sentant du Commandant des forces a\u00e9riennes, le Commandant de l\u2019Air de la [&hellip;]<\/p>\n","protected":false},"author":1790,"featured_media":0,"comment_status":"closed","ping_status":"closed","sticky":false,"template":"","format":"standard","meta":{"fifu_image_url":"","fifu_image_alt":"","footnotes":""},"categories":[53,76],"tags":[],"class_list":["post-17278","post","type-post","status-publish","format-standard","hentry","category-algerie","category-regions"],"_links":{"self":[{"href":"https:\/\/linitiative.ca\/International\/wp-json\/wp\/v2\/posts\/17278","targetHints":{"allow":["GET"]}}],"collection":[{"href":"https:\/\/linitiative.ca\/International\/wp-json\/wp\/v2\/posts"}],"about":[{"href":"https:\/\/linitiative.ca\/International\/wp-json\/wp\/v2\/types\/post"}],"author":[{"embeddable":true,"href":"https:\/\/linitiative.ca\/International\/wp-json\/wp\/v2\/users\/1790"}],"replies":[{"embeddable":true,"href":"https:\/\/linitiative.ca\/International\/wp-json\/wp\/v2\/comments?post=17278"}],"version-history":[{"count":0,"href":"https:\/\/linitiative.ca\/International\/wp-json\/wp\/v2\/posts\/17278\/revisions"}],"wp:attachment":[{"href":"https:\/\/linitiative.ca\/International\/wp-json\/wp\/v2\/media?parent=17278"}],"wp:term":[{"taxonomy":"category","embeddable":true,"href":"https:\/\/linitiative.ca\/International\/wp-json\/wp\/v2\/categories?post=17278"},{"taxonomy":"post_tag","embeddable":true,"href":"https:\/\/linitiative.ca\/International\/wp-json\/wp\/v2\/tags?post=17278"}],"curies":[{"name":"wp","href":"https:\/\/api.w.org\/{rel}","templated":true}]}}