{"id":17293,"date":"2019-02-25T11:38:00","date_gmt":"2019-02-25T16:38:00","guid":{"rendered":"https:\/\/linitiative.ca\/International\/tamanrasset-gaid-salah-supervise-un-exercice-a-balles-reelles\/"},"modified":"2019-02-25T11:38:00","modified_gmt":"2019-02-25T16:38:00","slug":"tamanrasset-gaid-salah-supervise-un-exercice-a-balles-reelles","status":"publish","type":"post","link":"https:\/\/linitiative.ca\/International\/tamanrasset-gaid-salah-supervise-un-exercice-a-balles-reelles\/","title":{"rendered":"TAMANRASSET : Ga\u00efd Salah supervise un exercice \u00e0 balles r\u00e9elles"},"content":{"rendered":"<p><br id=\"sep_para_1\" class=\"sep_para access\"\/><\/p>\n<div id=\"para_1\" class=\"para_29416817 resize\">\n<div class=\"texte access firstletter\">Le chef d\u2019\u00e9tat major des arm\u00e9es, vice ministre de la d\u00e9fense, Ahmed Ga\u00efd Salah, entame \u00e0 partir d\u2019aujourd\u2019hui, une visite de deux jours \u00e0 la 6e R\u00e9gio Militaire de Tamanrasset. Le chef d\u2019\u00e9tat major des arm\u00e9es, vice ministre de la d\u00e9fense, Ahmed Ga\u00efd Salah supervisera au cours de cette visite \u00ab supervisera un exercice tactique avec munitions r\u00e9elles \u00bb. \u00ab Il proc\u00e9dera \u00e0 l\u2019inspection de certaines unit\u00e9s et tiendra des r\u00e9unions d\u2019orientation avec les cadres et les personnels de la 6e R\u00e9gion Militaire \u00bb lit-on, d\u2019ailleurs, dans un communiqu\u00e9 du minist\u00e8re de la d\u00e9fense. Cette visite de travail et d\u2019inspection durera du 26 au 28 f\u00e9vrier prochain, selon le m\u00eame communiqu\u00e9.<\/div>\n<\/div>\n<p>Auteur: Ismain<br \/>\n<a href=\"https:\/\/www.reflexiondz.net\/TAMANRASSET-Gaid-Salah-supervise-un-exercice-a-balles-reelles_a54691.html\">Cliquez ici pour lire l&rsquo;article depuis sa source.<\/a><\/p>\n","protected":false},"excerpt":{"rendered":"<p>Le chef d\u2019\u00e9tat major des arm\u00e9es, vice ministre de la d\u00e9fense, Ahmed Ga\u00efd Salah, entame \u00e0 partir d\u2019aujourd\u2019hui, une visite de deux jours \u00e0 la 6e R\u00e9gio Militaire de Tamanrasset. Le chef d\u2019\u00e9tat major des arm\u00e9es, vice ministre de la d\u00e9fense, Ahmed Ga\u00efd Salah supervisera au cours de cette visite \u00ab supervisera un exercice tactique [&hellip;]<\/p>\n","protected":false},"author":1740,"featured_media":0,"comment_status":"closed","ping_status":"closed","sticky":false,"template":"","format":"standard","meta":{"fifu_image_url":"","fifu_image_alt":"","footnotes":""},"categories":[53,76],"tags":[],"class_list":["post-17293","post","type-post","status-publish","format-standard","hentry","category-algerie","category-regions"],"_links":{"self":[{"href":"https:\/\/linitiative.ca\/International\/wp-json\/wp\/v2\/posts\/17293","targetHints":{"allow":["GET"]}}],"collection":[{"href":"https:\/\/linitiative.ca\/International\/wp-json\/wp\/v2\/posts"}],"about":[{"href":"https:\/\/linitiative.ca\/International\/wp-json\/wp\/v2\/types\/post"}],"author":[{"embeddable":true,"href":"https:\/\/linitiative.ca\/International\/wp-json\/wp\/v2\/users\/1740"}],"replies":[{"embeddable":true,"href":"https:\/\/linitiative.ca\/International\/wp-json\/wp\/v2\/comments?post=17293"}],"version-history":[{"count":0,"href":"https:\/\/linitiative.ca\/International\/wp-json\/wp\/v2\/posts\/17293\/revisions"}],"wp:attachment":[{"href":"https:\/\/linitiative.ca\/International\/wp-json\/wp\/v2\/media?parent=17293"}],"wp:term":[{"taxonomy":"category","embeddable":true,"href":"https:\/\/linitiative.ca\/International\/wp-json\/wp\/v2\/categories?post=17293"},{"taxonomy":"post_tag","embeddable":true,"href":"https:\/\/linitiative.ca\/International\/wp-json\/wp\/v2\/tags?post=17293"}],"curies":[{"name":"wp","href":"https:\/\/api.w.org\/{rel}","templated":true}]}}