{"id":17301,"date":"2019-02-25T11:38:00","date_gmt":"2019-02-25T16:38:00","guid":{"rendered":"https:\/\/linitiative.ca\/International\/ain-defla-le-maire-de-meliana-arrete-en-flagrant-delit-de-corruption\/"},"modified":"2019-02-25T11:38:00","modified_gmt":"2019-02-25T16:38:00","slug":"ain-defla-le-maire-de-meliana-arrete-en-flagrant-delit-de-corruption","status":"publish","type":"post","link":"https:\/\/linitiative.ca\/International\/ain-defla-le-maire-de-meliana-arrete-en-flagrant-delit-de-corruption\/","title":{"rendered":"A\u00cfN DEFLA : Le maire de Meliana arr\u00eat\u00e9 en flagrant d\u00e9lit de corruption"},"content":{"rendered":"<p><br id=\"sep_para_1\" class=\"sep_para access\"\/><\/p>\n<div id=\"para_1\" class=\"para_29416792 resize\">\n<div class=\"texte access firstletter\">Selon le quotidien arabophone Echorouk,\u00a0 le maire de la commune de Meliana dans la wilaya d\u2019A\u00efn Defla a \u00e9t\u00e9 arr\u00eat\u00e9 la semaine derni\u00e8re en flagrant d\u00e9lit de corruption, dans une caf\u00e9t\u00e9ria de la localit\u00e9 de Zougala.\u00a0 Selon la m\u00eame source, le P\/APC aurait exig\u00e9 \u00e0 un citoyen de sa commune un pot-de-vin d\u2019un montant de 500 000 dinars (50 millions de centimes) pour la r\u00e9gularisation dans le cadre de la loi 08\/15 d\u2019une habitation construite illicitement, qui devait \u00eatre d\u00e9molie par les services communaux. Le pr\u00e9sident de la commission d\u2019attribution des logements de la m\u00eame commune serait \u00e9galement complice dans cette affaire, pr\u00e9cise la m\u00eame source. Les services de la Brigade de la Recherche et d\u2019Intervention (BRI), agissant suite \u00e0 la plainte d\u00e9pos\u00e9e par la victime, ont tendu un traquenard au responsable corrompu. Ce dernier a \u00e9t\u00e9 pris en flagrant d\u00e9lit, alors qu\u2019il \u00e9tait sur le point d\u2019empocher la somme convenue de la part de sa victime dans un caf\u00e9 de la localit\u00e9 de Zougala. Le mis en cause est en d\u00e9tention provisoire pour les besoins de l\u2019enqu\u00eate. Il encourt une peine de 5 ans de r\u00e9clusion et l\u2019\u00e9viction de son poste de responsabilis\u00e9.\u00a0\u00a0<\/div>\n<\/div>\n<p>Auteur: Ismain<br \/>\n<a href=\"https:\/\/www.reflexiondz.net\/AIN-DEFLA-Le-maire-de-Meliana-arrete-en-flagrant-delit-de-corruption_a54689.html\">Cliquez ici pour lire l&rsquo;article depuis sa source.<\/a><\/p>\n","protected":false},"excerpt":{"rendered":"<p>Selon le quotidien arabophone Echorouk,\u00a0 le maire de la commune de Meliana dans la wilaya d\u2019A\u00efn Defla a \u00e9t\u00e9 arr\u00eat\u00e9 la semaine derni\u00e8re en flagrant d\u00e9lit de corruption, dans une caf\u00e9t\u00e9ria de la localit\u00e9 de Zougala.\u00a0 Selon la m\u00eame source, le P\/APC aurait exig\u00e9 \u00e0 un citoyen de sa commune un pot-de-vin d\u2019un montant de [&hellip;]<\/p>\n","protected":false},"author":1740,"featured_media":0,"comment_status":"closed","ping_status":"closed","sticky":false,"template":"","format":"standard","meta":{"fifu_image_url":"","fifu_image_alt":"","footnotes":""},"categories":[53,76],"tags":[],"class_list":["post-17301","post","type-post","status-publish","format-standard","hentry","category-algerie","category-regions"],"_links":{"self":[{"href":"https:\/\/linitiative.ca\/International\/wp-json\/wp\/v2\/posts\/17301","targetHints":{"allow":["GET"]}}],"collection":[{"href":"https:\/\/linitiative.ca\/International\/wp-json\/wp\/v2\/posts"}],"about":[{"href":"https:\/\/linitiative.ca\/International\/wp-json\/wp\/v2\/types\/post"}],"author":[{"embeddable":true,"href":"https:\/\/linitiative.ca\/International\/wp-json\/wp\/v2\/users\/1740"}],"replies":[{"embeddable":true,"href":"https:\/\/linitiative.ca\/International\/wp-json\/wp\/v2\/comments?post=17301"}],"version-history":[{"count":0,"href":"https:\/\/linitiative.ca\/International\/wp-json\/wp\/v2\/posts\/17301\/revisions"}],"wp:attachment":[{"href":"https:\/\/linitiative.ca\/International\/wp-json\/wp\/v2\/media?parent=17301"}],"wp:term":[{"taxonomy":"category","embeddable":true,"href":"https:\/\/linitiative.ca\/International\/wp-json\/wp\/v2\/categories?post=17301"},{"taxonomy":"post_tag","embeddable":true,"href":"https:\/\/linitiative.ca\/International\/wp-json\/wp\/v2\/tags?post=17301"}],"curies":[{"name":"wp","href":"https:\/\/api.w.org\/{rel}","templated":true}]}}