{"id":17304,"date":"2019-02-25T11:38:00","date_gmt":"2019-02-25T16:38:00","guid":{"rendered":"https:\/\/linitiative.ca\/International\/jumelage-algerie-ue-1300-officiers-de-la-protection-civile-formes\/"},"modified":"2019-02-25T11:38:00","modified_gmt":"2019-02-25T16:38:00","slug":"jumelage-algerie-ue-1300-officiers-de-la-protection-civile-formes","status":"publish","type":"post","link":"https:\/\/linitiative.ca\/International\/jumelage-algerie-ue-1300-officiers-de-la-protection-civile-formes\/","title":{"rendered":"JUMELAGE ALGERIE-UE : 1300 officiers de  la protection civile form\u00e9s"},"content":{"rendered":"<p><br id=\"sep_para_1\" class=\"sep_para access\"\/><\/p>\n<div id=\"para_1\" class=\"para_29416779 resize\">\n<div class=\"texte access firstletter\">Quelque 1300 officiers de la protection civile ont b\u00e9n\u00e9fici\u00e9 de cycles de formation dans diff\u00e9rents domaines, depuis le lancement en 2017, d&rsquo;un projet de jumelage entre la Protection civile alg\u00e9rienne et l&rsquo;Union Europ\u00e9enne (UE), a fait savoir, dimanche \u00e0 Blida, le chef de projet de jumelage Alg\u00e9rie-EU, le m\u00e9decin colonel Sahraoui Amari. S&rsquo;exprimant en marge du lancement, au niveau de l&rsquo;unit\u00e9 principale, d&rsquo;une session de formation destin\u00e9e aux psychologues de la protection civile, M. Sahraoui a indiqu\u00e9 \u00e0 l&rsquo;APS que le projet de jumelage conclu par la Protection civile et l&rsquo;UE devait initialement \u00eatre concr\u00e9tis\u00e9 dans la p\u00e9riode allant de janvier 2017 \u00e0 juin 2019 avant d&rsquo;\u00eatre prolong\u00e9 \u00e0 juin prochain. \u00ab\u00a01300 officiers de diff\u00e9rentes wilayas ont b\u00e9n\u00e9fici\u00e9 de cycles de formation dans diff\u00e9rents domaines, dans le cadre de ce jumelage\u00a0\u00bb, a indiqu\u00e9 le m\u00eame responsable, soulignant que l&rsquo;enveloppe financi\u00e8re consacr\u00e9e par l&rsquo;UE \u00e0 cette op\u00e9ration s&rsquo;\u00e9levait \u00e0 1.5 millions d&rsquo;euros et concerne 76 activit\u00e9s portant toutes, sur les m\u00e9tiers de la protection civile. Cet accord vise essentiellement \u00e0 renforcer les capacit\u00e9s de la protection civile afin d&rsquo;\u00eatre au diapason du d\u00e9veloppement de la soci\u00e9t\u00e9, notamment avec la construction permanente de nouveaux p\u00f4les urbains et les dangers industriels et naturels auxquels fait face l&rsquo;Alg\u00e9rie, ce qui nous obligera, a-t-il ajout\u00e9, de relever les capacit\u00e9s op\u00e9rationnelles, \u00e0 travers la formation et l&rsquo;\u00e9change d&rsquo;exp\u00e9riences avec l&rsquo;Europe\u00a0\u00bb. Ce jumelage s&rsquo;articule sur quatre volets, \u00e0 savoir la pr\u00e9vention, le d\u00e9veloppement et les \u00e9tudes compar\u00e9es des lois organisationnelles de pr\u00e9vention par rapport \u00e0 celles en vigueur en Europe, a pr\u00e9cis\u00e9 M. Sahraoui, relevant que le deuxi\u00e8me axe concerne le volet op\u00e9rationnel et porte sur les moyens n\u00e9cessaires \u00e0 avoir pour faire face \u00e0 tous les d\u00e9fis. Le projet concerne \u00e9galement le volet ing\u00e9nierie et la maitrise de la chaine logistique, un \u00e9l\u00e9ment important dans la gestion des urgences.\u00a0\u00a0\u00a0<\/div>\n<\/div>\n<p>Auteur: Nadine<br \/>\n<a href=\"https:\/\/www.reflexiondz.net\/JUMELAGE-ALGERIE-UE-1300-officiers-de-la-protection-civile-formes_a54688.html\">Cliquez ici pour lire l&rsquo;article depuis sa source.<\/a><\/p>\n","protected":false},"excerpt":{"rendered":"<p>Quelque 1300 officiers de la protection civile ont b\u00e9n\u00e9fici\u00e9 de cycles de formation dans diff\u00e9rents domaines, depuis le lancement en 2017, d&rsquo;un projet de jumelage entre la Protection civile alg\u00e9rienne et l&rsquo;Union Europ\u00e9enne (UE), a fait savoir, dimanche \u00e0 Blida, le chef de projet de jumelage Alg\u00e9rie-EU, le m\u00e9decin colonel Sahraoui Amari. S&rsquo;exprimant en marge [&hellip;]<\/p>\n","protected":false},"author":1740,"featured_media":0,"comment_status":"closed","ping_status":"closed","sticky":false,"template":"","format":"standard","meta":{"fifu_image_url":"","fifu_image_alt":"","footnotes":""},"categories":[53,76],"tags":[],"class_list":["post-17304","post","type-post","status-publish","format-standard","hentry","category-algerie","category-regions"],"_links":{"self":[{"href":"https:\/\/linitiative.ca\/International\/wp-json\/wp\/v2\/posts\/17304","targetHints":{"allow":["GET"]}}],"collection":[{"href":"https:\/\/linitiative.ca\/International\/wp-json\/wp\/v2\/posts"}],"about":[{"href":"https:\/\/linitiative.ca\/International\/wp-json\/wp\/v2\/types\/post"}],"author":[{"embeddable":true,"href":"https:\/\/linitiative.ca\/International\/wp-json\/wp\/v2\/users\/1740"}],"replies":[{"embeddable":true,"href":"https:\/\/linitiative.ca\/International\/wp-json\/wp\/v2\/comments?post=17304"}],"version-history":[{"count":0,"href":"https:\/\/linitiative.ca\/International\/wp-json\/wp\/v2\/posts\/17304\/revisions"}],"wp:attachment":[{"href":"https:\/\/linitiative.ca\/International\/wp-json\/wp\/v2\/media?parent=17304"}],"wp:term":[{"taxonomy":"category","embeddable":true,"href":"https:\/\/linitiative.ca\/International\/wp-json\/wp\/v2\/categories?post=17304"},{"taxonomy":"post_tag","embeddable":true,"href":"https:\/\/linitiative.ca\/International\/wp-json\/wp\/v2\/tags?post=17304"}],"curies":[{"name":"wp","href":"https:\/\/api.w.org\/{rel}","templated":true}]}}