{"id":17316,"date":"2019-02-25T11:38:00","date_gmt":"2019-02-25T16:38:00","guid":{"rendered":"https:\/\/linitiative.ca\/International\/agence-de-police-europeenne-leuropol-veut-un-acces-aux-donnees-personnelles-des-algeriens\/"},"modified":"2019-02-25T11:38:00","modified_gmt":"2019-02-25T16:38:00","slug":"agence-de-police-europeenne-leuropol-veut-un-acces-aux-donnees-personnelles-des-algeriens","status":"publish","type":"post","link":"https:\/\/linitiative.ca\/International\/agence-de-police-europeenne-leuropol-veut-un-acces-aux-donnees-personnelles-des-algeriens\/","title":{"rendered":"AGENCE DE POLICE EUROPEENNE : L\u2019Europol veut un acc\u00e8s aux donn\u00e9es personnelles des Alg\u00e9riens"},"content":{"rendered":"<p><br id=\"sep_para_1\" class=\"sep_para access\"\/><\/p>\n<div id=\"para_1\" class=\"para_29416755 resize\">\n<div class=\"texte access firstletter\">Des responsables de l\u2019Union europ\u00e9enne auraient entam\u00e9 des n\u00e9gociations avec leurs homologues alg\u00e9riens en vue de conclure un accord sur le partage de donn\u00e9es personnelles des suspects entre les services s\u00e9curitaires de l\u2019Alg\u00e9rie et de l\u2019agence de police europ\u00e9enne (Europol), selon un rapport du m\u00e9dia Midlle East Eye. L\u2019accord concernera le partage et l\u2019\u00e9change, entre les services de la police alg\u00e9rienne et Europol, de donn\u00e9es confidentielles des personnes suspectes. Ces donn\u00e9es concerneront \u00ab la race et l\u2019origine ethnique d\u2019une personne, ses opinions politiques et ses convictions religieuses, son appartenance \u00e0 un syndicat, des donn\u00e9es g\u00e9n\u00e9tiques et des donn\u00e9es relatives \u00e0 sa sant\u00e9 et \u00e0 sa vie sexuelle \u00bb, pr\u00e9cise le rapport. Le conseil europ\u00e9en et le parlement de l\u2019UE, qui ont approuv\u00e9 les n\u00e9gociations, soulignent que la conclusion d\u2019un accord final \u00ab doit \u00eatre subordonn\u00e9e \u00e0 la mise en conformit\u00e9 de la l\u00e9gislation de protection des donn\u00e9es avec les normes de l\u2019UE, et \u00e0 la mise en \u0153uvre de garanties visant \u00e0 garantir le respect des droits de l\u2019Homme \u00bb. Le service europ\u00e9en de protection des donn\u00e9es (SEPD) a \u00e9galement recommand\u00e9 d\u2019inclure, dans ce genre d\u2019accord, \u00ab des garanties sur le fait que les transferts de donn\u00e9es d\u2019Europol ne seraient pas utilis\u00e9s dans les cas de condamnation \u00e0 mort \u00bb. Des d\u00e9fenseurs des droits de l\u2019Homme et des activistes mettent en garde contre la conclusion d\u2019un tel accord, qui pourrait mettre en danger les activistes, les militants et les exil\u00e9s vivant en Europe.\u00a0\u00a0\u00a0\u00a0\u00a0\u00a0\u00a0<\/div>\n<\/div>\n<p>Auteur: Ismain<br \/>\n<a href=\"https:\/\/www.reflexiondz.net\/AGENCE-DE-POLICE-EUROPEENNE-L-Europol-veut-un-acces-aux-donnees-personnelles-des-Algeriens_a54686.html\">Cliquez ici pour lire l&rsquo;article depuis sa source.<\/a><\/p>\n","protected":false},"excerpt":{"rendered":"<p>Des responsables de l\u2019Union europ\u00e9enne auraient entam\u00e9 des n\u00e9gociations avec leurs homologues alg\u00e9riens en vue de conclure un accord sur le partage de donn\u00e9es personnelles des suspects entre les services s\u00e9curitaires de l\u2019Alg\u00e9rie et de l\u2019agence de police europ\u00e9enne (Europol), selon un rapport du m\u00e9dia Midlle East Eye. L\u2019accord concernera le partage et l\u2019\u00e9change, entre [&hellip;]<\/p>\n","protected":false},"author":1740,"featured_media":0,"comment_status":"closed","ping_status":"closed","sticky":false,"template":"","format":"standard","meta":{"fifu_image_url":"","fifu_image_alt":"","footnotes":""},"categories":[53,76],"tags":[],"class_list":["post-17316","post","type-post","status-publish","format-standard","hentry","category-algerie","category-regions"],"_links":{"self":[{"href":"https:\/\/linitiative.ca\/International\/wp-json\/wp\/v2\/posts\/17316","targetHints":{"allow":["GET"]}}],"collection":[{"href":"https:\/\/linitiative.ca\/International\/wp-json\/wp\/v2\/posts"}],"about":[{"href":"https:\/\/linitiative.ca\/International\/wp-json\/wp\/v2\/types\/post"}],"author":[{"embeddable":true,"href":"https:\/\/linitiative.ca\/International\/wp-json\/wp\/v2\/users\/1740"}],"replies":[{"embeddable":true,"href":"https:\/\/linitiative.ca\/International\/wp-json\/wp\/v2\/comments?post=17316"}],"version-history":[{"count":0,"href":"https:\/\/linitiative.ca\/International\/wp-json\/wp\/v2\/posts\/17316\/revisions"}],"wp:attachment":[{"href":"https:\/\/linitiative.ca\/International\/wp-json\/wp\/v2\/media?parent=17316"}],"wp:term":[{"taxonomy":"category","embeddable":true,"href":"https:\/\/linitiative.ca\/International\/wp-json\/wp\/v2\/categories?post=17316"},{"taxonomy":"post_tag","embeddable":true,"href":"https:\/\/linitiative.ca\/International\/wp-json\/wp\/v2\/tags?post=17316"}],"curies":[{"name":"wp","href":"https:\/\/api.w.org\/{rel}","templated":true}]}}