{"id":17325,"date":"2019-02-25T08:56:56","date_gmt":"2019-02-25T13:56:56","guid":{"rendered":"https:\/\/linitiative.ca\/International\/vueling-lance-en-avril-une-nouvelle-ligne-aerienne-entre-malaga-et-marrakech\/"},"modified":"2019-02-25T08:56:56","modified_gmt":"2019-02-25T13:56:56","slug":"vueling-lance-en-avril-une-nouvelle-ligne-aerienne-entre-malaga-et-marrakech","status":"publish","type":"post","link":"https:\/\/linitiative.ca\/International\/vueling-lance-en-avril-une-nouvelle-ligne-aerienne-entre-malaga-et-marrakech\/","title":{"rendered":"Vueling lance en avril une nouvelle ligne a\u00e9rienne entre Malaga et Marrakech"},"content":{"rendered":"<div class=\"single-featured\"><img alt=\"\" data-src=\"http:\/\/www.mapmarrakech.ma\/map\/uploads\/2019\/02\/avion-vueling.jpg\"\/><\/div>\n<div class=\"single-post-excerpt post-excerpt-bc\" readability=\"35\">\n<p>Madrid \u2013 La compagnie a\u00e9rienne espagnole low cost Vueling a annonc\u00e9 le lancement, en avril prochain, d\u2019une nouvelle ligne a\u00e9rienne entre les villes de Malaga (Sud de l\u2019Espagne) et Marrakech.<\/p>\n<\/div>\n<div class=\"entry-content clearfix single-post-content\" readability=\"53\">\n<p>La nouvelle desserte a\u00e9rienne, qui sera inaugur\u00e9e le 15 avril, sera op\u00e9r\u00e9e par Vueling \u00e0 raison de deux fr\u00e9quences hebdomadaires, tous les lundis et jeudis, indique la compagnie a\u00e9rienne dans un communiqu\u00e9 relay\u00e9 par les m\u00e9dias espagnols.<\/p>\n<p>A travers cette nouvelle ligne vers la Cit\u00e9 ocre, Vueling met \u00e0 la disposition de ses clients un total de 20.160 si\u00e8ges suppl\u00e9mentaires au d\u00e9part de la capitale de la Costa del sol, connect\u00e9e par la compagnie \u00e0 24 destinations nationales et internationales.<\/p>\n<p>Vueling Airlines est une compagnie a\u00e9rienne \u00e0 bas prix espagnole fond\u00e9e en 2004 et ayant son si\u00e8ge \u00e0 El Prat de Llobregat, pr\u00e8s de Barcelone.<\/p>\n<p>Vueling propose plus de 340 itin\u00e9raires en Europe, en Afrique et au Moyen-Orient. Elle compte vingt-deux bases, dont huit situ\u00e9es hors de l\u2019Espagne.<\/p>\n<\/div>\n<p>Auteur: Meriem IGASS<br \/>\n<a href=\"http:\/\/www.mapmarrakech.ma\/fr\/vueling-lance-en-avril-une-nouvelle-ligne-aerienne-entre-malaga-et-marrakech\/\">Cliquez ici pour lire l&rsquo;article depuis sa source.<\/a><\/p>\n","protected":false},"excerpt":{"rendered":"<p>Madrid \u2013 La compagnie a\u00e9rienne espagnole low cost Vueling a annonc\u00e9 le lancement, en avril prochain, d\u2019une nouvelle ligne a\u00e9rienne entre les villes de Malaga (Sud de l\u2019Espagne) et Marrakech. La nouvelle desserte a\u00e9rienne, qui sera inaugur\u00e9e le 15 avril, sera op\u00e9r\u00e9e par Vueling \u00e0 raison de deux fr\u00e9quences hebdomadaires, tous les lundis et jeudis, [&hellip;]<\/p>\n","protected":false},"author":1788,"featured_media":17328,"comment_status":"closed","ping_status":"closed","sticky":false,"template":"","format":"standard","meta":{"fifu_image_url":"","fifu_image_alt":"","footnotes":""},"categories":[54,76],"tags":[],"class_list":["post-17325","post","type-post","status-publish","format-standard","has-post-thumbnail","hentry","category-maroc","category-regions"],"_links":{"self":[{"href":"https:\/\/linitiative.ca\/International\/wp-json\/wp\/v2\/posts\/17325","targetHints":{"allow":["GET"]}}],"collection":[{"href":"https:\/\/linitiative.ca\/International\/wp-json\/wp\/v2\/posts"}],"about":[{"href":"https:\/\/linitiative.ca\/International\/wp-json\/wp\/v2\/types\/post"}],"author":[{"embeddable":true,"href":"https:\/\/linitiative.ca\/International\/wp-json\/wp\/v2\/users\/1788"}],"replies":[{"embeddable":true,"href":"https:\/\/linitiative.ca\/International\/wp-json\/wp\/v2\/comments?post=17325"}],"version-history":[{"count":0,"href":"https:\/\/linitiative.ca\/International\/wp-json\/wp\/v2\/posts\/17325\/revisions"}],"wp:featuredmedia":[{"embeddable":true,"href":"https:\/\/linitiative.ca\/International\/wp-json\/"}],"wp:attachment":[{"href":"https:\/\/linitiative.ca\/International\/wp-json\/wp\/v2\/media?parent=17325"}],"wp:term":[{"taxonomy":"category","embeddable":true,"href":"https:\/\/linitiative.ca\/International\/wp-json\/wp\/v2\/categories?post=17325"},{"taxonomy":"post_tag","embeddable":true,"href":"https:\/\/linitiative.ca\/International\/wp-json\/wp\/v2\/tags?post=17325"}],"curies":[{"name":"wp","href":"https:\/\/api.w.org\/{rel}","templated":true}]}}