{"id":17332,"date":"2019-02-25T11:38:00","date_gmt":"2019-02-25T16:38:00","guid":{"rendered":"https:\/\/linitiative.ca\/International\/manifestations-contre-la-continuite-ouyahia-met-en-garde-contre-les-appels-anonymes\/"},"modified":"2019-02-25T11:38:00","modified_gmt":"2019-02-25T16:38:00","slug":"manifestations-contre-la-continuite-ouyahia-met-en-garde-contre-les-appels-anonymes","status":"publish","type":"post","link":"https:\/\/linitiative.ca\/International\/manifestations-contre-la-continuite-ouyahia-met-en-garde-contre-les-appels-anonymes\/","title":{"rendered":"MANIFESTATIONS CONTRE LA CONTINUITE   : Ouyahia met en garde  contre les appels anonymes"},"content":{"rendered":"<p><br id=\"sep_para_1\" class=\"sep_para access\"\/><\/p>\n<div id=\"para_1\" class=\"para_29416751 resize\">\n<div class=\"texte access firstletter\">D\u2019une voix blanche, le PM a rappel\u00e9 que la \u201cconstitution garantit aux alg\u00e9riens le droit de manifester pacifiquement\u201d, et\u00a0 a brandit la menace venus de \u201cl\u2019ext\u00e9rieur\u201d, vieux r\u00e9flexe du pouvoir quand il se retrouve accul\u00e9. \u201cJe demande aux alg\u00e9riens de rester vigilants face aux appels de provocation lanc\u00e9s par des inconnus\u201d, a d\u00e9clar\u00e9 le premier ministre. Il rappelle, dans ce contexte, aux Alg\u00e9riens la facture pay\u00e9e dans les ann\u00e9es 90.\u00a0\u00a0 Pour M Ouyahia, les revendications exprim\u00e9s par la population pourra s\u2019exprimer lors de la pr\u00e9sidentielle. \u201cChacun a le droit de d\u00e9fendre son candidat et seul l\u2019urne les d\u00e9partagera de mani\u00e8re pacifique\u201d, a d\u00e9clar\u00e9 le premier ministre. Cette d\u00e9claration intervient alors que le pr\u00e9sident Bouteflika n\u2019avait aucunement \u00e9voqu\u00e9 les manifestations pacifiques que connait le pays depuis vendredi, dans son message du 24 f\u00e9vrier, date anniversaire de la nationalisation des hydrocarbures et de l\u2019UGTA, la centrale syndicale dont le secr\u00e9taire g\u00e9n\u00e9ral, Abdelmadjid Sidi Sa\u00efd et l\u2019un des soutiens ind\u00e9fectibles au 5\u00e8me mandat de Bouteflika.\u00a0\u00a0\u00a0<\/div>\n<\/div>\n<p>Auteur: Ismain<br \/>\n<a href=\"https:\/\/www.reflexiondz.net\/MANIFESTATIONS-CONTRE-LA-CONTINUITE-Ouyahia-met-en-garde-contre-les-appels-anonymes_a54685.html\">Cliquez ici pour lire l&rsquo;article depuis sa source.<\/a><\/p>\n","protected":false},"excerpt":{"rendered":"<p>D\u2019une voix blanche, le PM a rappel\u00e9 que la \u201cconstitution garantit aux alg\u00e9riens le droit de manifester pacifiquement\u201d, et\u00a0 a brandit la menace venus de \u201cl\u2019ext\u00e9rieur\u201d, vieux r\u00e9flexe du pouvoir quand il se retrouve accul\u00e9. \u201cJe demande aux alg\u00e9riens de rester vigilants face aux appels de provocation lanc\u00e9s par des inconnus\u201d, a d\u00e9clar\u00e9 le premier [&hellip;]<\/p>\n","protected":false},"author":1740,"featured_media":0,"comment_status":"closed","ping_status":"closed","sticky":false,"template":"","format":"standard","meta":{"fifu_image_url":"","fifu_image_alt":"","footnotes":""},"categories":[53,76],"tags":[],"class_list":["post-17332","post","type-post","status-publish","format-standard","hentry","category-algerie","category-regions"],"_links":{"self":[{"href":"https:\/\/linitiative.ca\/International\/wp-json\/wp\/v2\/posts\/17332","targetHints":{"allow":["GET"]}}],"collection":[{"href":"https:\/\/linitiative.ca\/International\/wp-json\/wp\/v2\/posts"}],"about":[{"href":"https:\/\/linitiative.ca\/International\/wp-json\/wp\/v2\/types\/post"}],"author":[{"embeddable":true,"href":"https:\/\/linitiative.ca\/International\/wp-json\/wp\/v2\/users\/1740"}],"replies":[{"embeddable":true,"href":"https:\/\/linitiative.ca\/International\/wp-json\/wp\/v2\/comments?post=17332"}],"version-history":[{"count":0,"href":"https:\/\/linitiative.ca\/International\/wp-json\/wp\/v2\/posts\/17332\/revisions"}],"wp:attachment":[{"href":"https:\/\/linitiative.ca\/International\/wp-json\/wp\/v2\/media?parent=17332"}],"wp:term":[{"taxonomy":"category","embeddable":true,"href":"https:\/\/linitiative.ca\/International\/wp-json\/wp\/v2\/categories?post=17332"},{"taxonomy":"post_tag","embeddable":true,"href":"https:\/\/linitiative.ca\/International\/wp-json\/wp\/v2\/tags?post=17332"}],"curies":[{"name":"wp","href":"https:\/\/api.w.org\/{rel}","templated":true}]}}