{"id":17337,"date":"2019-02-25T10:04:16","date_gmt":"2019-02-25T15:04:16","guid":{"rendered":"https:\/\/linitiative.ca\/International\/forum-international-afrique-developpement-les-14-et-15-mars-a-casablanca\/"},"modified":"2019-02-25T10:04:16","modified_gmt":"2019-02-25T15:04:16","slug":"forum-international-afrique-developpement-les-14-et-15-mars-a-casablanca","status":"publish","type":"post","link":"https:\/\/linitiative.ca\/International\/forum-international-afrique-developpement-les-14-et-15-mars-a-casablanca\/","title":{"rendered":"Forum international Afrique D\u00e9veloppement : les 14 et 15 mars \u00e0 Casablanca"},"content":{"rendered":"<div class=\"chapo\">Plus de plus de 1.500 op\u00e9rateurs \u00e9conomiques et institutionnels internationaux, venant de de plus de 30 pays sont attendus \u00e0 la 6\u00e8me \u00e9dition du Forum International Afrique D\u00e9veloppement (<span class=\"caps\">FIAD<\/span>), les 14 et 15\u00a0mars 2019, \u00e0 Casablanca, organis\u00e9e par Le Club Afrique D\u00e9veloppement du groupe <strong>Attijariwafa bank<\/strong>.<\/div>\n<div>Plac\u00e9e sous le Haut Patronage de Sa Majest\u00e9 le Roi Mohammed <span class=\"caps\">VI<\/span>, cette \u00e9dition sous le th\u00e8me \u00ab<small class=\"fine\">\u00a0<\/small>Quand l\u2019Est rencontre l\u2019Ouest<small class=\"fine\">\u00a0<\/small>\u00bb adresse la probl\u00e9matique de l\u2019int\u00e9gration r\u00e9gionale et des enjeux de croissance du continent.<br \/>A l\u2019initiative de son actionnaire de r\u00e9f\u00e9rence, le fonds d\u2019investissement panafricain <strong>Al Mada<\/strong>, et fort d\u2019une strat\u00e9gie intra-africaine d\u2019envergure, le groupe Attijariwafa bank a lanc\u00e9 le Forum International Afrique D\u00e9veloppement en 2010, d\u00e9sormais, consid\u00e9r\u00e9 comme la plateforme de r\u00e9f\u00e9rence en faveur du dialogue, de la promotion des investissements et du commerce intra-africain.<\/div>\n<div class=\"c16\">\n<fieldset class=\"c15\">\n<legend><strong><span class=\"c10\">Challenge<\/span><span class=\"c11\">news<\/span><\/strong><\/legend>\n<div class=\"c14\">Le meilleur de la r\u00e9daction s\u00e9lectionn\u00e9 par Challenge :<\/p>\n<\/div>\n<\/fieldset>\n<\/div>\n<p>Auteur: Hassan Manyani<br \/>\n<a href=\"https:\/\/www.challenge.ma\/forum-international-afrique-developpement-les-14-et-15-mars-a-casablanca-105305\/\">Cliquez ici pour lire l&rsquo;article depuis sa source.<\/a><\/p>\n","protected":false},"excerpt":{"rendered":"<p>Plus de plus de 1.500 op\u00e9rateurs \u00e9conomiques et institutionnels internationaux, venant de de plus de 30 pays sont attendus \u00e0 la 6\u00e8me \u00e9dition du Forum International Afrique D\u00e9veloppement (FIAD), les 14 et 15\u00a0mars 2019, \u00e0 Casablanca, organis\u00e9e par Le Club Afrique D\u00e9veloppement du groupe Attijariwafa bank. Plac\u00e9e sous le Haut Patronage de Sa Majest\u00e9 le [&hellip;]<\/p>\n","protected":false},"author":1787,"featured_media":0,"comment_status":"closed","ping_status":"closed","sticky":false,"template":"","format":"standard","meta":{"fifu_image_url":"","fifu_image_alt":"","footnotes":""},"categories":[78,54],"tags":[],"class_list":["post-17337","post","type-post","status-publish","format-standard","hentry","category-economie","category-maroc"],"_links":{"self":[{"href":"https:\/\/linitiative.ca\/International\/wp-json\/wp\/v2\/posts\/17337","targetHints":{"allow":["GET"]}}],"collection":[{"href":"https:\/\/linitiative.ca\/International\/wp-json\/wp\/v2\/posts"}],"about":[{"href":"https:\/\/linitiative.ca\/International\/wp-json\/wp\/v2\/types\/post"}],"author":[{"embeddable":true,"href":"https:\/\/linitiative.ca\/International\/wp-json\/wp\/v2\/users\/1787"}],"replies":[{"embeddable":true,"href":"https:\/\/linitiative.ca\/International\/wp-json\/wp\/v2\/comments?post=17337"}],"version-history":[{"count":0,"href":"https:\/\/linitiative.ca\/International\/wp-json\/wp\/v2\/posts\/17337\/revisions"}],"wp:attachment":[{"href":"https:\/\/linitiative.ca\/International\/wp-json\/wp\/v2\/media?parent=17337"}],"wp:term":[{"taxonomy":"category","embeddable":true,"href":"https:\/\/linitiative.ca\/International\/wp-json\/wp\/v2\/categories?post=17337"},{"taxonomy":"post_tag","embeddable":true,"href":"https:\/\/linitiative.ca\/International\/wp-json\/wp\/v2\/tags?post=17337"}],"curies":[{"name":"wp","href":"https:\/\/api.w.org\/{rel}","templated":true}]}}