{"id":17347,"date":"2019-02-25T11:18:05","date_gmt":"2019-02-25T16:18:05","guid":{"rendered":"https:\/\/linitiative.ca\/International\/des-syndicalistes-portent-plainte-contre-le-president-de-luniversite-houphouet-boigny\/"},"modified":"2019-02-25T11:18:05","modified_gmt":"2019-02-25T16:18:05","slug":"des-syndicalistes-portent-plainte-contre-le-president-de-luniversite-houphouet-boigny","status":"publish","type":"post","link":"https:\/\/linitiative.ca\/International\/des-syndicalistes-portent-plainte-contre-le-president-de-luniversite-houphouet-boigny\/","title":{"rendered":"Des syndicalistes portent plainte contre le pr\u00e9sident de l\u2019Universit\u00e9 Houphou\u00ebt-Boigny"},"content":{"rendered":"<div readability=\"32\">\n<p>Publi\u00e9 le 25.02.2019 \u00e0 17h18 par APA News<\/p>\n<\/div>\n<div readability=\"73\">\n<p>Des enseignants ont annonc\u00e9, lundi \u00e0 Abidjan, le d\u00e9p\u00f4t d\u2019une plainte contre le Pr\u00e9sident de l\u2019Universit\u00e9 F\u00e9lix Houphou\u00ebt-Boigny de Cocody, Abou Karamoko, pour \u00abdiffamation, appels \u00e0 la bastonnade et confiscation de dossiers \u00bb.Selon le Pr Roger Langui, Porte-parole du Syndicat Libre des Enseignants-Chercheurs, (SYLEC), \u00a0cette plainte contre le Pr Abou Karamoko \u00ab sera d\u00e9pos\u00e9e aupr\u00e8s du procureur de la R\u00e9publique \u00bb.<\/p>\n<p>\u00abIl (Abou Karamoko) \u00a0accuse notre corporation de fraude sur les heures compl\u00e9mentaires. Les enseignants ne sont pas \u00a0des administratifs, ils ne peuvent de ce fait contr\u00f4ler, ni r\u00e9guler les inscriptions \u00bb, a r\u00e9fut\u00e9 \u00a0Pr Roger Langui.<\/p>\n<p>Le porte-parole du SYLEC \u00a0qui s\u2019associe \u00e0 la lutte de tous les autres syndicats comme \u00a0le Collectif des enseignants-chercheurs (CODEC), le Syndicat national de la recherche et de l\u2019enseignement sup\u00e9rieur (SYNARES), la Coordination nationale des enseignants-chercheurs et chercheurs de C\u00f4te d\u2019Ivoire (CNEC), accuse le Pr\u00e9sident de l\u2019Universit\u00e9 d\u2019avoir appel\u00e9 \u00ab les \u00e9tudiants \u00e0 passer \u00e0 tabac les enseignants-chercheurs \u00bb.<\/p>\n<p><ins data-revive-zoneid=\"9\" data-revive-id=\"10111e19d28d19d031742ee3b0b33eb0\"\/> <\/p>\n<p>Par ailleurs, les syndicalistes reprochent \u00e0 M. Karamako de refuser de \u00a0parapher les dossiers de candidatures de certains membres de la Coordination nationale des enseignants-chercheurs et chercheurs de C\u00f4te d\u2019Ivoire (CNEC), principal syndicat dont deux responsables ont \u00e9t\u00e9 arr\u00eat\u00e9s parmi lesquels le Secr\u00e9taire g\u00e9n\u00e9ral, Johnson Kouassi.<\/p>\n<p>L\u2019Universit\u00e9 F\u00e9lix Houphou\u00ebt-Boigny d\u2019Abidjan, la plus grande universit\u00e9 publique du pays, est paralys\u00e9 depuis plus d\u2019un mois du fait d\u2019une gr\u00e8ve des enseignants chercheurs de la CNEC. Une autre gr\u00e8ve d\u2019enseignants dans le primaire et le secondaire perturbent depuis plus de trois semaines le syst\u00e8me \u00e9ducatif ivoirien.<\/p>\n<\/div>\n<p>Auteur: APA News<br \/>\n<a href=\"https:\/\/www.journalducameroun.com\/des-syndicalistes-portent-plainte-contre-le-president-de-luniversite-houphouet-boigny\/\">Cliquez ici pour lire l&rsquo;article depuis sa source.<\/a><\/p>\n","protected":false},"excerpt":{"rendered":"<p>Publi\u00e9 le 25.02.2019 \u00e0 17h18 par APA News Des enseignants ont annonc\u00e9, lundi \u00e0 Abidjan, le d\u00e9p\u00f4t d\u2019une plainte contre le Pr\u00e9sident de l\u2019Universit\u00e9 F\u00e9lix Houphou\u00ebt-Boigny de Cocody, Abou Karamoko, pour \u00abdiffamation, appels \u00e0 la bastonnade et confiscation de dossiers \u00bb.Selon le Pr Roger Langui, Porte-parole du Syndicat Libre des Enseignants-Chercheurs, (SYLEC), \u00a0cette plainte contre [&hellip;]<\/p>\n","protected":false},"author":1965,"featured_media":0,"comment_status":"closed","ping_status":"closed","sticky":false,"template":"","format":"standard","meta":{"fifu_image_url":"","fifu_image_alt":"","footnotes":""},"categories":[73,82],"tags":[],"class_list":["post-17347","post","type-post","status-publish","format-standard","hentry","category-actualite","category-cameroun"],"_links":{"self":[{"href":"https:\/\/linitiative.ca\/International\/wp-json\/wp\/v2\/posts\/17347","targetHints":{"allow":["GET"]}}],"collection":[{"href":"https:\/\/linitiative.ca\/International\/wp-json\/wp\/v2\/posts"}],"about":[{"href":"https:\/\/linitiative.ca\/International\/wp-json\/wp\/v2\/types\/post"}],"author":[{"embeddable":true,"href":"https:\/\/linitiative.ca\/International\/wp-json\/wp\/v2\/users\/1965"}],"replies":[{"embeddable":true,"href":"https:\/\/linitiative.ca\/International\/wp-json\/wp\/v2\/comments?post=17347"}],"version-history":[{"count":0,"href":"https:\/\/linitiative.ca\/International\/wp-json\/wp\/v2\/posts\/17347\/revisions"}],"wp:attachment":[{"href":"https:\/\/linitiative.ca\/International\/wp-json\/wp\/v2\/media?parent=17347"}],"wp:term":[{"taxonomy":"category","embeddable":true,"href":"https:\/\/linitiative.ca\/International\/wp-json\/wp\/v2\/categories?post=17347"},{"taxonomy":"post_tag","embeddable":true,"href":"https:\/\/linitiative.ca\/International\/wp-json\/wp\/v2\/tags?post=17347"}],"curies":[{"name":"wp","href":"https:\/\/api.w.org\/{rel}","templated":true}]}}