{"id":17359,"date":"2019-02-25T11:38:00","date_gmt":"2019-02-25T16:38:00","guid":{"rendered":"https:\/\/linitiative.ca\/International\/fornaka-les-roulottes-de-la-plage-sidi-mansour-vandalisees\/"},"modified":"2019-02-25T11:38:00","modified_gmt":"2019-02-25T16:38:00","slug":"fornaka-les-roulottes-de-la-plage-sidi-mansour-vandalisees","status":"publish","type":"post","link":"https:\/\/linitiative.ca\/International\/fornaka-les-roulottes-de-la-plage-sidi-mansour-vandalisees\/","title":{"rendered":"FORNAKA : Les roulottes de la plage Sidi Mansour vandalis\u00e9es"},"content":{"rendered":"<p><br id=\"sep_para_1\" class=\"sep_para access\"\/><\/p>\n<div id=\"para_1\" class=\"para_29416691 resize\">\n<div class=\"texte access firstletter\">Des informations rapport\u00e9es par des citoyens font \u00e9tat de s\u00e9rieuses d\u00e9gradations subies par les roulottes install\u00e9es au niveau de la plage de Sidi Mansour et destin\u00e9es \u00e0 abriter les diverses activit\u00e9s li\u00e9es au fonctionnement de la plage durant la saison estivale. Selon ces citoyens, les\u00a0 malfaiteurs \u00e0 l\u2019origine de cette casse auraient accompli leur forfait \u00e0 la faveur de l\u2019obscurit\u00e9 de la nuit. L\u2019on avance \u00e9galement que\u00a0 l\u2019absence de gardiennage au niveau de cette plage n\u2019a pas \u00e9t\u00e9 sans faciliter cet \u0153uvre macabre \u00e0 l\u2019\u00e9gard de ces biens de la collectivit\u00e9. L\u2019on pense que\u00a0 c\u2019\u00e9tait l\u2019aubaine pour les malfaiteurs.\u00a0 Face \u00e0 des roulottes seules et sans d\u00e9fense, ils n\u2019avaient, de toute \u00e9vidence,\u00a0 qu\u2019\u00e0 passer \u00e0 l\u2019acte de vandalisme. Et ils ne se sont pas fait prier, vraisemblablement \u00e0 la recherche d\u2019objets de valeur \u00e0 voler. Cet incident, faut-il le rappeler, intervient \u00e0 seulement quelques mois de l\u2019ouverture de la saison estivale. Il va falloir sans nul doute grever encore le budget communal pour\u00a0 rem\u00e9dier \u00e0 la situation et\u00a0 honorer le\u00a0 rendez-vous estival qui\u00a0 avance \u00e0 grands pas.\u00a0\u00a0\u00a0\u00a0\u00a0\u00a0\u00a0\u00a0\u00a0\u00a0\u00a0\u00a0\u00a0\u00a0\u00a0\u00a0<\/div>\n<\/div>\n<p>Auteur: Aicha Mokhtar<br \/>\n<a href=\"https:\/\/www.reflexiondz.net\/FORNAKA-Les-roulottes-de-la-plage-Sidi-Mansour-vandalisees_a54683.html\">Cliquez ici pour lire l&rsquo;article depuis sa source.<\/a><\/p>\n","protected":false},"excerpt":{"rendered":"<p>Des informations rapport\u00e9es par des citoyens font \u00e9tat de s\u00e9rieuses d\u00e9gradations subies par les roulottes install\u00e9es au niveau de la plage de Sidi Mansour et destin\u00e9es \u00e0 abriter les diverses activit\u00e9s li\u00e9es au fonctionnement de la plage durant la saison estivale. Selon ces citoyens, les\u00a0 malfaiteurs \u00e0 l\u2019origine de cette casse auraient accompli leur forfait [&hellip;]<\/p>\n","protected":false},"author":1740,"featured_media":0,"comment_status":"closed","ping_status":"closed","sticky":false,"template":"","format":"standard","meta":{"fifu_image_url":"","fifu_image_alt":"","footnotes":""},"categories":[53,76],"tags":[],"class_list":["post-17359","post","type-post","status-publish","format-standard","hentry","category-algerie","category-regions"],"_links":{"self":[{"href":"https:\/\/linitiative.ca\/International\/wp-json\/wp\/v2\/posts\/17359","targetHints":{"allow":["GET"]}}],"collection":[{"href":"https:\/\/linitiative.ca\/International\/wp-json\/wp\/v2\/posts"}],"about":[{"href":"https:\/\/linitiative.ca\/International\/wp-json\/wp\/v2\/types\/post"}],"author":[{"embeddable":true,"href":"https:\/\/linitiative.ca\/International\/wp-json\/wp\/v2\/users\/1740"}],"replies":[{"embeddable":true,"href":"https:\/\/linitiative.ca\/International\/wp-json\/wp\/v2\/comments?post=17359"}],"version-history":[{"count":0,"href":"https:\/\/linitiative.ca\/International\/wp-json\/wp\/v2\/posts\/17359\/revisions"}],"wp:attachment":[{"href":"https:\/\/linitiative.ca\/International\/wp-json\/wp\/v2\/media?parent=17359"}],"wp:term":[{"taxonomy":"category","embeddable":true,"href":"https:\/\/linitiative.ca\/International\/wp-json\/wp\/v2\/categories?post=17359"},{"taxonomy":"post_tag","embeddable":true,"href":"https:\/\/linitiative.ca\/International\/wp-json\/wp\/v2\/tags?post=17359"}],"curies":[{"name":"wp","href":"https:\/\/api.w.org\/{rel}","templated":true}]}}