{"id":17367,"date":"2019-02-25T11:51:37","date_gmt":"2019-02-25T16:51:37","guid":{"rendered":"https:\/\/linitiative.ca\/International\/zatec-lance-le-telephone-le-moins-cher-au-maroc\/"},"modified":"2019-02-25T11:51:37","modified_gmt":"2019-02-25T16:51:37","slug":"zatec-lance-le-telephone-le-moins-cher-au-maroc","status":"publish","type":"post","link":"https:\/\/linitiative.ca\/International\/zatec-lance-le-telephone-le-moins-cher-au-maroc\/","title":{"rendered":"Zatec lance le t\u00e9l\u00e9phone le moins cher au Maroc"},"content":{"rendered":"<p>99 DH. C\u2019est le prix du nouveau t\u00e9l\u00e9phone, le <strong>moins cher<\/strong> sur le march\u00e9, lanc\u00e9 par la marque 100% marocaine Zatec.<\/p>\n<div class=\"c10\"\/>\n<p>Avec son \u00e9cran de 1,77 pouces, le <strong>Zatec x1<\/strong> mini dual SIM est dot\u00e9 d\u2019une cam\u00e9ra et d\u2019un mp3 Player. Commercialis\u00e9 \u00e0 travers le propre r\u00e9seau de la marque \u00ab Surcou Informatique \u00bb, il sera disponible aux diff\u00e9rents points de vente des partenaires de la grande et moyenne distribution et les magasins sp\u00e9cialis\u00e9s, \u00e0 l\u2019instar de Marjane, Aswak Assalam, Bim\u2026<\/p>\n<p>Ce nouveau-n\u00e9de la t\u00e9l\u00e9phonie mobile vient en effet compl\u00e9ter la gamme des <strong>t\u00e9l\u00e9phones<\/strong> Zatec\u00a0 pour lui permettre de s\u2019adresser \u00e0 un plus large public.<\/p>\n<p>Pour rappel, la marque n\u2019est pas \u00e0 son premier grand coup sur le march\u00e9 de la t\u00e9l\u00e9phonie mobile. Il y a deux ans, elle avait lanc\u00e9 le Smartphone le moins cher au royaume, <strong>Zatec<\/strong> ZPLAY 1 double SIM \u00e0 499 DH. Fruit d\u2019une joint-venture maroco-chinoise, Zatec a fait le pari depuis sa cr\u00e9ation en 2013, d\u2019\u00eatre proche des consommateurs\u00a0 et de r\u00e9pondre aux attentes des plus friands aux nouvelles technologies.<\/p>\n<p>De l\u2019entr\u00e9e de gamme au haut de gamme, Zatec est pr\u00e9sente sur tous les segments. En quelques ann\u00e9es seulement, la marque est parvenue \u00e0 grignoter pr\u00e8s de 10% du march\u00e9 de la t\u00e9l\u00e9phonie mobile et \u00e9couler pr\u00e8s de 50.000 unit\u00e9s par mois. Outre les t\u00e9l\u00e9phones mobiles aujourd\u2019hui, Zatec propose et int\u00e8gre un \u00e9ventail de produits et solutions qui couvrent l\u2019ensemble des besoins en mati\u00e8re de nouvelles technologies, notamment, les tablettes, les PC portables et les accessoires mobiles.<\/p>\n<p><span class=\"c11\">Des ambitions prometteuses<\/span><\/p>\n<p>2019 sera riche en nouveaut\u00e9s et projets pour Zatec. La marque passe la vitesse sup\u00e9rieure et\u00a0 part \u00e0 la conqu\u00eate du march\u00e9 africain. Les produits Zatec seront ainsi export\u00e9s principalement en Afrique de l\u2019Ouest et Afrique Centrale. Ils seront commercialis\u00e9s et promus par les distributeurs et grossistes locaux. Un autre projet phare pr\u00e9vu pour cette ann\u00e9e, la mise en place d\u2019une usine au <strong>Maroc<\/strong> pour la production locale de Smartphones 100% marocains.<\/p>\n<div class=\"c18\">\n<fieldset class=\"c17\">\n<legend><strong><span class=\"c12\">Challenge<\/span><span class=\"c13\">news<\/span><\/strong><\/legend>\n<div class=\"c16\">Le meilleur de la r\u00e9daction s\u00e9lectionn\u00e9 par Challenge :<\/p>\n<\/div>\n<\/fieldset>\n<\/div>\n<p>Auteur: Karim Handaoui<br \/>\n<a href=\"https:\/\/www.challenge.ma\/zatec-lance-le-telephone-le-moins-cher-au-maroc-105318\/\">Cliquez ici pour lire l&rsquo;article depuis sa source.<\/a><\/p>\n","protected":false},"excerpt":{"rendered":"<p>99 DH. C\u2019est le prix du nouveau t\u00e9l\u00e9phone, le moins cher sur le march\u00e9, lanc\u00e9 par la marque 100% marocaine Zatec. Avec son \u00e9cran de 1,77 pouces, le Zatec x1 mini dual SIM est dot\u00e9 d\u2019une cam\u00e9ra et d\u2019un mp3 Player. Commercialis\u00e9 \u00e0 travers le propre r\u00e9seau de la marque \u00ab Surcou Informatique \u00bb, il [&hellip;]<\/p>\n","protected":false},"author":1787,"featured_media":0,"comment_status":"closed","ping_status":"closed","sticky":false,"template":"","format":"standard","meta":{"fifu_image_url":"","fifu_image_alt":"","footnotes":""},"categories":[78,54],"tags":[],"class_list":["post-17367","post","type-post","status-publish","format-standard","hentry","category-economie","category-maroc"],"_links":{"self":[{"href":"https:\/\/linitiative.ca\/International\/wp-json\/wp\/v2\/posts\/17367","targetHints":{"allow":["GET"]}}],"collection":[{"href":"https:\/\/linitiative.ca\/International\/wp-json\/wp\/v2\/posts"}],"about":[{"href":"https:\/\/linitiative.ca\/International\/wp-json\/wp\/v2\/types\/post"}],"author":[{"embeddable":true,"href":"https:\/\/linitiative.ca\/International\/wp-json\/wp\/v2\/users\/1787"}],"replies":[{"embeddable":true,"href":"https:\/\/linitiative.ca\/International\/wp-json\/wp\/v2\/comments?post=17367"}],"version-history":[{"count":0,"href":"https:\/\/linitiative.ca\/International\/wp-json\/wp\/v2\/posts\/17367\/revisions"}],"wp:attachment":[{"href":"https:\/\/linitiative.ca\/International\/wp-json\/wp\/v2\/media?parent=17367"}],"wp:term":[{"taxonomy":"category","embeddable":true,"href":"https:\/\/linitiative.ca\/International\/wp-json\/wp\/v2\/categories?post=17367"},{"taxonomy":"post_tag","embeddable":true,"href":"https:\/\/linitiative.ca\/International\/wp-json\/wp\/v2\/tags?post=17367"}],"curies":[{"name":"wp","href":"https:\/\/api.w.org\/{rel}","templated":true}]}}