{"id":17372,"date":"2019-02-25T11:38:00","date_gmt":"2019-02-25T16:38:00","guid":{"rendered":"https:\/\/linitiative.ca\/International\/formation-paramedicale-37-nouveaux-postes-de-formation-octroyes-a-mostaganem\/"},"modified":"2019-02-25T11:38:00","modified_gmt":"2019-02-25T16:38:00","slug":"formation-paramedicale-37-nouveaux-postes-de-formation-octroyes-a-mostaganem","status":"publish","type":"post","link":"https:\/\/linitiative.ca\/International\/formation-paramedicale-37-nouveaux-postes-de-formation-octroyes-a-mostaganem\/","title":{"rendered":"FORMATION PARAMEDICALE : 37 nouveaux postes de formation octroy\u00e9s \u00e0 Mostaganem"},"content":{"rendered":"<p><br id=\"sep_para_1\" class=\"sep_para access\"\/><\/p>\n<div id=\"para_1\" class=\"para_29416681 resize\">\n<div class=\"texte access firstletter\">La direction de la sant\u00e9 de la wilaya de Mostaganem vient de b\u00e9n\u00e9ficier de l\u2019octroi de 37 nouveaux postes en formation param\u00e9dicale. Ces derniers ont \u00e9t\u00e9 accord\u00e9s par le minist\u00e8re de la sant\u00e9, de la r\u00e9forme hospitali\u00e8re et de la population, et portent\u00a0 sur une trentaine d\u2019assistants et d\u2019assistantes pour les fauteuils dentaires\u00a0 et 7 autres pour la formation de\u00a0 pu\u00e9ricultrices. Notons \u00e0 ce sujet que l\u2019inscription des candidatures se d\u00e9roule depuis le 20 du mois en cours et prendra\u00a0 fin le 17 mars prochain. Les candidats de la\u00a0 troisi\u00e8me ann\u00e9e secondaire de la s\u00e9rie scientifique peuvent y postuler, subiront par la suite\u00a0 un concours. Ils recevront une formation\u00a0 au sein de l\u2019une des \u00e9coles param\u00e9dicales\u00a0 et seront affect\u00e9s\u00a0 au sein des\u00a0 polycliniques et des centres de sant\u00e9 de Mostaganem o\u00f9 le besoin en personnel est si pressant.\u00a0\u00a0\u00a0\u00a0\u00a0\u00a0\u00a0\u00a0\u00a0\u00a0\u00a0\u00a0\u00a0\u00a0\u00a0\u00a0<\/div>\n<\/div>\n<p>Auteur: Ismain<br \/>\n<a href=\"https:\/\/www.reflexiondz.net\/FORMATION-PARAMEDICALE-37-nouveaux-postes-de-formation-octroyes-a-Mostaganem_a54682.html\">Cliquez ici pour lire l&rsquo;article depuis sa source.<\/a><\/p>\n","protected":false},"excerpt":{"rendered":"<p>La direction de la sant\u00e9 de la wilaya de Mostaganem vient de b\u00e9n\u00e9ficier de l\u2019octroi de 37 nouveaux postes en formation param\u00e9dicale. Ces derniers ont \u00e9t\u00e9 accord\u00e9s par le minist\u00e8re de la sant\u00e9, de la r\u00e9forme hospitali\u00e8re et de la population, et portent\u00a0 sur une trentaine d\u2019assistants et d\u2019assistantes pour les fauteuils dentaires\u00a0 et 7 [&hellip;]<\/p>\n","protected":false},"author":1740,"featured_media":0,"comment_status":"closed","ping_status":"closed","sticky":false,"template":"","format":"standard","meta":{"fifu_image_url":"","fifu_image_alt":"","footnotes":""},"categories":[53,76],"tags":[],"class_list":["post-17372","post","type-post","status-publish","format-standard","hentry","category-algerie","category-regions"],"_links":{"self":[{"href":"https:\/\/linitiative.ca\/International\/wp-json\/wp\/v2\/posts\/17372","targetHints":{"allow":["GET"]}}],"collection":[{"href":"https:\/\/linitiative.ca\/International\/wp-json\/wp\/v2\/posts"}],"about":[{"href":"https:\/\/linitiative.ca\/International\/wp-json\/wp\/v2\/types\/post"}],"author":[{"embeddable":true,"href":"https:\/\/linitiative.ca\/International\/wp-json\/wp\/v2\/users\/1740"}],"replies":[{"embeddable":true,"href":"https:\/\/linitiative.ca\/International\/wp-json\/wp\/v2\/comments?post=17372"}],"version-history":[{"count":0,"href":"https:\/\/linitiative.ca\/International\/wp-json\/wp\/v2\/posts\/17372\/revisions"}],"wp:attachment":[{"href":"https:\/\/linitiative.ca\/International\/wp-json\/wp\/v2\/media?parent=17372"}],"wp:term":[{"taxonomy":"category","embeddable":true,"href":"https:\/\/linitiative.ca\/International\/wp-json\/wp\/v2\/categories?post=17372"},{"taxonomy":"post_tag","embeddable":true,"href":"https:\/\/linitiative.ca\/International\/wp-json\/wp\/v2\/tags?post=17372"}],"curies":[{"name":"wp","href":"https:\/\/api.w.org\/{rel}","templated":true}]}}