{"id":17384,"date":"2019-02-25T12:18:07","date_gmt":"2019-02-25T17:18:07","guid":{"rendered":"https:\/\/linitiative.ca\/International\/presidentielle-senegalaise-les-resultats-provisoires-connus-jeudi-ou-vendredi\/"},"modified":"2019-02-25T12:18:07","modified_gmt":"2019-02-25T17:18:07","slug":"presidentielle-senegalaise-les-resultats-provisoires-connus-jeudi-ou-vendredi","status":"publish","type":"post","link":"https:\/\/linitiative.ca\/International\/presidentielle-senegalaise-les-resultats-provisoires-connus-jeudi-ou-vendredi\/","title":{"rendered":"Pr\u00e9sidentielle s\u00e9n\u00e9galaise : les r\u00e9sultats provisoires connus jeudi ou vendredi"},"content":{"rendered":"<div readability=\"32\">\n<p>Publi\u00e9 le 25.02.2019 \u00e0 18h18 par APA News<\/p>\n<\/div>\n<div readability=\"87\">\n<p>La Commission nationale de recensement des votes commence, ce lundi, la compilation des r\u00e9sultats du scrutin pr\u00e9sidentiel du 24 f\u00e9vrier 2019, a annonc\u00e9 son pr\u00e9sident, le juge Demba Kandji, soulignant que les \u00ab r\u00e9sultats provisoires seront proclam\u00e9s jeudi ou vendredi prochains au plus tard \u00bb.\u00ab Jeudi ou vendredi au plus tard, il y aura la proclamation des r\u00e9sultats provisoires par la Commission nationale de recensement des votes. Le travail de la commission commence ce lundi. Nous avons d\u00e9j\u00e0 les proc\u00e8s-verbaux (PV) des Commissions \u00e9lectorales d\u00e9partementales autonomes (CEDA) de Saint-Louis (nord), Gossas (centre), Gu\u00e9diawaye (banlieue dakaroise), Malem Hodar (centre), Birkelane (centre), Bambey (centre) et Koungheul (centre) \u00bb, a indiqu\u00e9 le juge Kandji au cours d\u2019un point de presse.<\/p>\n<p>Il a soulign\u00e9 que tout au long de la soir\u00e9e, les autres CEDA vont finir la compilation des r\u00e9sultats et envoyer les PV \u00e0 la Commission nationale de recensement des votes, compos\u00e9e de trois juges et de deux repr\u00e9sentants (titulaire et suppl\u00e9ant) de chaque candidat.<\/p>\n<p>Ce faisant, Demba Kandji a invit\u00e9 les observateurs nationaux et internationaux et la presse \u00e0 s\u2019associer au processus de recensement des votes par la Commission. \u00ab D\u2019habitude, on n\u2019invitait la presse qu\u2019\u00e0 la proclamation des r\u00e9sultats, mais cette fois-ci on a voulu innover en l\u2019associant d\u00e8s le d\u00e9part. Vous \u00eates des t\u00e9moins privil\u00e9gi\u00e9s. Les seuls documents sur lesquels nous travaillons sont re\u00e7us des 45 CEDA. Ils sont mis \u00e0 la disposition de tous les membres de la Commission nationale de recensement des votes, seule habilet\u00e9 \u00e0 redresser les erreurs ou annuler des r\u00e9sultats \u00bb, a-t-il dit.<\/p>\n<p>Interrog\u00e9 sur la proclamation des r\u00e9sultats par les hommes politiques, il a affirm\u00e9 qu\u2019ils sont \u00ab dans leur r\u00f4le, moi je suis dans le mien. Ce sont des politiques \u00bb.<\/p>\n<p><ins data-revive-zoneid=\"9\" data-revive-id=\"10111e19d28d19d031742ee3b0b33eb0\"\/> <\/p>\n<p>Mais \u00ab personne n\u2019a le droit de proclamer des r\u00e9sultats \u00e0 part la commission pour les r\u00e9sultats provisoires et le Conseil constitutionnel pour ceux d\u00e9finitifs \u00bb, a pr\u00e9cis\u00e9 Demba Kandji.<\/p>\n<p>Dimanche dernier, 6 683 043 \u00e9lecteurs \u00e9taient appel\u00e9s aux urnes pour d\u00e9partager les cinq candidats \u00e0 la pr\u00e9sidentielle s\u00e9n\u00e9galaise 2019, dont le pr\u00e9sident sortant, Macky Sall.<\/p>\n<p>Dans la soir\u00e9e, le Premier ministre, coordonnateur du p\u00f4le programme du candidat Macky Sall a annonc\u00e9 la victoire de ce dernier avec au moins 57% des suffrages, l\u00e0 o\u00f9 l\u2019opposition a, dans une sortie faite une heure auparavant, a r\u00e9clam\u00e9 un second tour.<\/p>\n<\/div>\n<p>Auteur: APA News<br \/>\n<a href=\"https:\/\/www.journalducameroun.com\/presidentielle-senegalaise-les-resultats-provisoires-connus-jeudi-ou-vendredi\/\">Cliquez ici pour lire l&rsquo;article depuis sa source.<\/a><\/p>\n","protected":false},"excerpt":{"rendered":"<p>Publi\u00e9 le 25.02.2019 \u00e0 18h18 par APA News La Commission nationale de recensement des votes commence, ce lundi, la compilation des r\u00e9sultats du scrutin pr\u00e9sidentiel du 24 f\u00e9vrier 2019, a annonc\u00e9 son pr\u00e9sident, le juge Demba Kandji, soulignant que les \u00ab r\u00e9sultats provisoires seront proclam\u00e9s jeudi ou vendredi prochains au plus tard \u00bb.\u00ab Jeudi ou [&hellip;]<\/p>\n","protected":false},"author":1965,"featured_media":0,"comment_status":"closed","ping_status":"closed","sticky":false,"template":"","format":"standard","meta":{"fifu_image_url":"","fifu_image_alt":"","footnotes":""},"categories":[73,82],"tags":[],"class_list":["post-17384","post","type-post","status-publish","format-standard","hentry","category-actualite","category-cameroun"],"_links":{"self":[{"href":"https:\/\/linitiative.ca\/International\/wp-json\/wp\/v2\/posts\/17384","targetHints":{"allow":["GET"]}}],"collection":[{"href":"https:\/\/linitiative.ca\/International\/wp-json\/wp\/v2\/posts"}],"about":[{"href":"https:\/\/linitiative.ca\/International\/wp-json\/wp\/v2\/types\/post"}],"author":[{"embeddable":true,"href":"https:\/\/linitiative.ca\/International\/wp-json\/wp\/v2\/users\/1965"}],"replies":[{"embeddable":true,"href":"https:\/\/linitiative.ca\/International\/wp-json\/wp\/v2\/comments?post=17384"}],"version-history":[{"count":0,"href":"https:\/\/linitiative.ca\/International\/wp-json\/wp\/v2\/posts\/17384\/revisions"}],"wp:attachment":[{"href":"https:\/\/linitiative.ca\/International\/wp-json\/wp\/v2\/media?parent=17384"}],"wp:term":[{"taxonomy":"category","embeddable":true,"href":"https:\/\/linitiative.ca\/International\/wp-json\/wp\/v2\/categories?post=17384"},{"taxonomy":"post_tag","embeddable":true,"href":"https:\/\/linitiative.ca\/International\/wp-json\/wp\/v2\/tags?post=17384"}],"curies":[{"name":"wp","href":"https:\/\/api.w.org\/{rel}","templated":true}]}}