{"id":17385,"date":"2019-02-25T11:11:27","date_gmt":"2019-02-25T16:11:27","guid":{"rendered":"https:\/\/linitiative.ca\/International\/tunisie-un-statut-de-base-pour-les-agents-municipaux-en-cours-delaboration\/"},"modified":"2019-02-25T11:11:27","modified_gmt":"2019-02-25T16:11:27","slug":"tunisie-un-statut-de-base-pour-les-agents-municipaux-en-cours-delaboration","status":"publish","type":"post","link":"https:\/\/linitiative.ca\/International\/tunisie-un-statut-de-base-pour-les-agents-municipaux-en-cours-delaboration\/","title":{"rendered":"Tunisie-Un statut de base pour les agents municipaux en cours d\u2019\u00e9laboration."},"content":{"rendered":"<div class=\"post-cont-in left relative\">\n<div class=\"nc_socialPanel swp_flatFresh swp_d_fullColor swp_i_fullColor swp_o_fullColor scale-100 scale-fullWidth\" data-position=\"none\" data-float=\"floatNone\" data-count=\"5\" data-floatcolor=\"#ffffff\" data-emphasize=\"0\">\n<div class=\"nc_tweetContainer totes totesalt\" data-id=\"6\"><span class=\"swp_count\"><span class=\"swp_label\">Partages<\/span> 4<\/span><\/div>\n<\/div>\n<p>Makram Amairia, Secr\u00e9taire G\u00e9n\u00e9ral de la F\u00e9d\u00e9ration G\u00e9n\u00e9rale des agents municipaux, a indiqu\u00e9, lors d\u2019une r\u00e9union g\u00e9n\u00e9rale des syndicats des agents municipaux \u00e0 K\u00e9bili, que ces derniers auront bient\u00f4t un statut de base.<br \/>Cette d\u00e9cision intervient suite au manque au niveau des cadres dans les municipalit\u00e9s en Tunisie.<br \/>Le responsable a ainsi appel\u00e9 \u00e0 la n\u00e9cessit\u00e9 de mobiliser les ressources n\u00e9cessaires afin de r\u00e9pondre aux aspirations des citoyens.<br \/>Les participants \u00e0 la r\u00e9union ont de leur part, appel\u00e9 \u00e0 la n\u00e9cessit\u00e9 d\u2019assurer la s\u00e9curit\u00e9 professionnelle des agents, de les prot\u00e9ger et de r\u00e9gulariser leur situation, notamment, celle des travailleurs des chantiers.<\/p>\n<div class=\"mvp-org-wrap mvp-org-logo\" itemprop=\"publisher\" itemscope=\"\" itemtype=\"https:\/\/schema.org\/Organization\"><img decoding=\"async\" src=\"https:\/\/www.tunisienumerique.com\/wp-content\/uploads\/2017\/02\/logo_tunisie_numerique.png\"\/><\/div>\n<div class=\"nc_socialPanel swp_flatFresh swp_d_fullColor swp_i_fullColor swp_o_fullColor scale-100 scale-fullWidth\" data-position=\"none\" data-float=\"floatNone\" data-count=\"5\" data-floatcolor=\"#ffffff\" data-emphasize=\"0\">\n<div class=\"nc_tweetContainer totes totesalt\" data-id=\"6\"><span class=\"swp_count\"><span class=\"swp_label\">Partages<\/span> 4<\/span><\/div>\n<\/div>\n<div class=\"mvp-related-posts left relative\">\n<h4 class=\"post-header\"><span class=\"post-header\">Lire aussi<\/span><\/h4>\n<\/div>\n<\/div>\n<p>Auteur: Laameri Dorsaf<br \/>\n<a href=\"https:\/\/www.tunisienumerique.com\/tunisie-un-statut-de-base-pour-les-agents-municipaux-en-cours-delaboration\/\">Cliquez ici pour lire l&rsquo;article depuis sa source.<\/a><\/p>\n","protected":false},"excerpt":{"rendered":"<p>Partages 4 Makram Amairia, Secr\u00e9taire G\u00e9n\u00e9ral de la F\u00e9d\u00e9ration G\u00e9n\u00e9rale des agents municipaux, a indiqu\u00e9, lors d\u2019une r\u00e9union g\u00e9n\u00e9rale des syndicats des agents municipaux \u00e0 K\u00e9bili, que ces derniers auront bient\u00f4t un statut de base.Cette d\u00e9cision intervient suite au manque au niveau des cadres dans les municipalit\u00e9s en Tunisie.Le responsable a ainsi appel\u00e9 \u00e0 la [&hellip;]<\/p>\n","protected":false},"author":1789,"featured_media":17386,"comment_status":"closed","ping_status":"closed","sticky":false,"template":"","format":"standard","meta":{"fifu_image_url":"","fifu_image_alt":"","footnotes":""},"categories":[73,55],"tags":[],"class_list":["post-17385","post","type-post","status-publish","format-standard","has-post-thumbnail","hentry","category-actualite","category-tunisie"],"_links":{"self":[{"href":"https:\/\/linitiative.ca\/International\/wp-json\/wp\/v2\/posts\/17385","targetHints":{"allow":["GET"]}}],"collection":[{"href":"https:\/\/linitiative.ca\/International\/wp-json\/wp\/v2\/posts"}],"about":[{"href":"https:\/\/linitiative.ca\/International\/wp-json\/wp\/v2\/types\/post"}],"author":[{"embeddable":true,"href":"https:\/\/linitiative.ca\/International\/wp-json\/wp\/v2\/users\/1789"}],"replies":[{"embeddable":true,"href":"https:\/\/linitiative.ca\/International\/wp-json\/wp\/v2\/comments?post=17385"}],"version-history":[{"count":0,"href":"https:\/\/linitiative.ca\/International\/wp-json\/wp\/v2\/posts\/17385\/revisions"}],"wp:featuredmedia":[{"embeddable":true,"href":"https:\/\/linitiative.ca\/International\/wp-json\/"}],"wp:attachment":[{"href":"https:\/\/linitiative.ca\/International\/wp-json\/wp\/v2\/media?parent=17385"}],"wp:term":[{"taxonomy":"category","embeddable":true,"href":"https:\/\/linitiative.ca\/International\/wp-json\/wp\/v2\/categories?post=17385"},{"taxonomy":"post_tag","embeddable":true,"href":"https:\/\/linitiative.ca\/International\/wp-json\/wp\/v2\/tags?post=17385"}],"curies":[{"name":"wp","href":"https:\/\/api.w.org\/{rel}","templated":true}]}}