{"id":17393,"date":"2019-02-25T13:50:00","date_gmt":"2019-02-25T18:50:00","guid":{"rendered":"https:\/\/linitiative.ca\/International\/installation-du-nouveau-gouverneur-de-la-province-del-haouz\/"},"modified":"2019-02-25T13:50:00","modified_gmt":"2019-02-25T18:50:00","slug":"installation-du-nouveau-gouverneur-de-la-province-del-haouz","status":"publish","type":"post","link":"https:\/\/linitiative.ca\/International\/installation-du-nouveau-gouverneur-de-la-province-del-haouz\/","title":{"rendered":"Installation du nouveau gouverneur de la province d\u2019El Haouz"},"content":{"rendered":"<div readability=\"40\">\n<p>Tahannaout (province d\u2019El Haouz) \u2013 Le ministre de l\u2019Agriculture, de la P\u00eache maritime, du D\u00e9veloppement rural et des Eaux et For\u00eats, Aziz Akhannouch a pr\u00e9sid\u00e9, lundi, la c\u00e9r\u00e9monie d\u2019installation de M. Rachid Benchikhi que SM le Roi Mohammed VI a nomm\u00e9 gouverneur de la province d\u2019El Haouz.<\/p>\n<\/div>\n<div readability=\"105\">\n<p>Apr\u00e8s lecteur du Dahir de nomination, M. Akhannouch a indiqu\u00e9 que cette nomination Royale est susceptible de favoriser le renouvellement de la gouvernance territoriale dans cette province, \u00e0 m\u00eame de permettre la mise en \u0153uvre effective et saine de la strat\u00e9gie et de la politique du Royaume afin d\u2019atteindre un objectif supr\u00eame, \u00e0 savoir le d\u00e9veloppement global et inclusif et l\u2019am\u00e9lioration des indicateurs sociaux et des conditions de vie des citoyens.<\/p>\n<p>Le ministre a indiqu\u00e9 que la charte de la d\u00e9concentration administrative, dont la mise en \u0153uvre repr\u00e9sente l\u2019un des principaux enjeux actuels, a consacr\u00e9 le r\u00f4le constitutionnel du gouverneur en l\u2019\u00e9rigeant en tant qu\u2019acteur central dans la coordination des interventions des services d\u00e9concentr\u00e9s et en lui conf\u00e9rant la responsabilit\u00e9 de veiller au bon fonctionnement des diff\u00e9rentes administrations locales et d\u2019assurer la convergence de leurs programmes et de leurs interventions en vue de tirer vers le haut l\u2019efficience des services qu\u2019elles sont cens\u00e9es offrir \u00e0 la population locale.<\/p>\n<p>Et de poursuivre que l\u2019enjeu de l\u2019\u00e9laboration du nouveau mod\u00e8le de d\u00e9veloppement est devenu l\u2019un des d\u00e9fis majeurs auxquels fait face l\u2019administration marocaine aussi bien sur le plan central qu\u2019au niveau territorial, ce qui, a-t-il insist\u00e9, exige de tout un chacun une forte mobilisation pour assurer la r\u00e9ussite de ce chantier afin de r\u00e9sorber les in\u00e9galit\u00e9s territoriales et r\u00e9duire les disparit\u00e9s.<\/p>\n<p>Dans ce sens, M. Akhannouch a rappel\u00e9 la teneur du Discours Royal du 29 juillet 2018 \u00e0 l\u2019occasion\u00a0du 19\u00e8me anniversaire de la glorieuse F\u00eate du Tr\u00f4ne, qui a constitu\u00e9 une feuille de route claire pour la mise en place d\u2019un mod\u00e8le de d\u00e9veloppement ayant pour fondement la promotion des diff\u00e9rents indicateurs permettant d\u2019am\u00e9liorer les conditions de vie des citoyens dans les diff\u00e9rentes r\u00e9gions et ce, dans le cadre de la mise en \u0153uvre des principes de la justice sociale et spatiale.<\/p>\n<p>Pour la mise en \u0153uvre de ce choix, a pr\u00e9cis\u00e9 le ministre, il faut une mobilisation collective pour la promotion des conditions sociales tout en favorisant une structuration globale et profonde des programmes et politiques nationaux en mati\u00e8re d\u2019appui et de protection sociale, \u00e0 travers le lancement de la 3\u00e8me phase de l\u2019Initiative Nationale pour le D\u00e9veloppement Humain (INDH) et la r\u00e9orientation de ses programmes pour la promotion du capital humain et la mise sur pied d\u2019une nouvelle g\u00e9n\u00e9ration d\u2019initiatives g\u00e9n\u00e9ratrices de revenus et d\u2019emplois, la stimulation de l\u2019investissement, la cr\u00e9ation d\u2019opportunit\u00e9s d\u2019emploi productif et garant de la dignit\u00e9, l\u2019encouragement des jeunes \u00e0 la cr\u00e9ation d\u2019entreprises et le soutien de toutes les formes de l\u2019auto-emploi.<\/p>\n<p>Il a, par ailleurs, affirm\u00e9 que la province d\u2019El Haouz, eu \u00e9gard \u00e0 sa nature rurale et \u00e0 ses \u00e9normes potentialit\u00e9s \u00e9conomiques et humaines, a besoin de r\u00e9aliser un saut qualitatif en mati\u00e8re d\u2019investissements, de soutien au secteur de production et de r\u00e9alisation des programmes de d\u00e9veloppement socio-\u00e9conomique, notamment dans les domaines inh\u00e9rents \u00e0 l\u2019agriculture et au d\u00e9veloppement du monde rural et des zones de montagne.<\/p>\n<p>Pour atteindre ces objectifs, a soulign\u00e9 le ministre, il est n\u00e9cessaire de d\u00e9velopper le secteur agricole et d\u2019exploiter toutes les occasions offertes par la strat\u00e9gie nationale en la mati\u00e8re en vue de faire de ce secteur un v\u00e9ritable pourvoyeur des opportunit\u00e9s d\u2019emploi productif et durable et, partant, d\u2019am\u00e9liorer les conditions de vie en milieu rural.<\/p>\n<p>La c\u00e9r\u00e9monie d\u2019installation s\u2019est d\u00e9roul\u00e9e en pr\u00e9sence notamment d\u2019un repr\u00e9sentant du minist\u00e8re de l\u2019Int\u00e9rieur, du Wali de la r\u00e9gion de Marrakech-Safi, gouverneur de la pr\u00e9fecture de Marrakech, Karim Kassi-Lahlou, du pr\u00e9sident du conseil provincial d\u2019El Haouz, des repr\u00e9sentants des services s\u00e9curitaires, des agents d\u2019autorit\u00e9s, de chefs des services ext\u00e9rieurs, d\u2019\u00e9lus locaux et d\u2019acteurs de la soci\u00e9t\u00e9 civile locale.<\/p>\n<\/div>\n<p>Auteur: Meriem IGASS<br \/>\n<a href=\"http:\/\/www.mapmarrakech.ma\/fr\/installation-du-nouveau-gouverneur-de-la-province-del-haouz\/\">Cliquez ici pour lire l&rsquo;article depuis sa source.<\/a><\/p>\n","protected":false},"excerpt":{"rendered":"<p>Tahannaout (province d\u2019El Haouz) \u2013 Le ministre de l\u2019Agriculture, de la P\u00eache maritime, du D\u00e9veloppement rural et des Eaux et For\u00eats, Aziz Akhannouch a pr\u00e9sid\u00e9, lundi, la c\u00e9r\u00e9monie d\u2019installation de M. Rachid Benchikhi que SM le Roi Mohammed VI a nomm\u00e9 gouverneur de la province d\u2019El Haouz. Apr\u00e8s lecteur du Dahir de nomination, M. Akhannouch [&hellip;]<\/p>\n","protected":false},"author":1788,"featured_media":0,"comment_status":"closed","ping_status":"closed","sticky":false,"template":"","format":"standard","meta":{"fifu_image_url":"","fifu_image_alt":"","footnotes":""},"categories":[54,76],"tags":[],"class_list":["post-17393","post","type-post","status-publish","format-standard","hentry","category-maroc","category-regions"],"_links":{"self":[{"href":"https:\/\/linitiative.ca\/International\/wp-json\/wp\/v2\/posts\/17393","targetHints":{"allow":["GET"]}}],"collection":[{"href":"https:\/\/linitiative.ca\/International\/wp-json\/wp\/v2\/posts"}],"about":[{"href":"https:\/\/linitiative.ca\/International\/wp-json\/wp\/v2\/types\/post"}],"author":[{"embeddable":true,"href":"https:\/\/linitiative.ca\/International\/wp-json\/wp\/v2\/users\/1788"}],"replies":[{"embeddable":true,"href":"https:\/\/linitiative.ca\/International\/wp-json\/wp\/v2\/comments?post=17393"}],"version-history":[{"count":0,"href":"https:\/\/linitiative.ca\/International\/wp-json\/wp\/v2\/posts\/17393\/revisions"}],"wp:attachment":[{"href":"https:\/\/linitiative.ca\/International\/wp-json\/wp\/v2\/media?parent=17393"}],"wp:term":[{"taxonomy":"category","embeddable":true,"href":"https:\/\/linitiative.ca\/International\/wp-json\/wp\/v2\/categories?post=17393"},{"taxonomy":"post_tag","embeddable":true,"href":"https:\/\/linitiative.ca\/International\/wp-json\/wp\/v2\/tags?post=17393"}],"curies":[{"name":"wp","href":"https:\/\/api.w.org\/{rel}","templated":true}]}}