{"id":17405,"date":"2019-02-25T11:38:00","date_gmt":"2019-02-25T16:38:00","guid":{"rendered":"https:\/\/linitiative.ca\/International\/lutte-contre-le-trafic-de-drogue-un-dealer-condamne-a-7-ans-de-prison-ferme\/"},"modified":"2019-02-25T11:38:00","modified_gmt":"2019-02-25T16:38:00","slug":"lutte-contre-le-trafic-de-drogue-un-dealer-condamne-a-7-ans-de-prison-ferme","status":"publish","type":"post","link":"https:\/\/linitiative.ca\/International\/lutte-contre-le-trafic-de-drogue-un-dealer-condamne-a-7-ans-de-prison-ferme\/","title":{"rendered":"LUTTE CONTRE LE TRAFIC DE DROGUE : Un dealer condamn\u00e9  \u00e0 7 ans de prison ferme"},"content":{"rendered":"<p><br id=\"sep_para_1\" class=\"sep_para access\"\/><\/p>\n<div id=\"para_1\" class=\"para_29416671 resize\">\n<div class=\"texte access firstletter\">Dans le cadre de la lutte contre les diff\u00e9rents types de criminalit\u00e9, notamment le trafic de drogue, et les comprim\u00e9s de psychotropes, les forces de la police judiciaire relevant de la brigade de lutte contre le trafic de drogue aupr\u00e8s de la police judiciaire ont r\u00e9ussi \u00e0 arr\u00eater\u00a0 plusieurs personnes impliqu\u00e9es dans une affaire de d\u00e9tention de drogue a t on appris de sources s\u00e9curitaires. Cette affaire est intervenue suite\u00a0 \u00e0 un point de contr\u00f4le plac\u00e9 par les services de la police judiciaire relevant de la suret\u00e9 de da\u00efra de Bouguirat\u00a0 o\u00f9 leur attention fut attir\u00e9e par un v\u00e9hicule suspect immatricul\u00e9 dans la wilaya d\u2019Oran , \u00e0 son bord 2 suspects , le 1er \u00e2g\u00e9 de 26 ans , originaire de la wilaya d\u2019Oran et le 2\u00e8me \u00e2g\u00e9 de 32 ans , ce dernier\u00a0 a manifest\u00e9 une puissante r\u00e9sistance , o\u00f9 il\u00a0 a \u00e9t\u00e9 soumis \u00e0 une fouille corporelle et d\u00e9couvert en sa possession deux plaquettes de kif trait\u00e9\u00a0 d\u2019un poids de 171 grammes chacune\u00a0 . Au cours de l&rsquo;enqu\u00eate avec\u00a0 ce dernier , il a tent\u00e9 de renier son crime sur le fait que la drogue n\u2019est pas sa propri\u00e9t\u00e9, mais bien celle du chauffeur du\u00a0 v\u00e9hicule alors que toutes les preuves d\u00e9voilaient le contraire pour le d\u00e9lit de d\u00e9tention de drogue.\u00a0 Les suspects ont \u00e9t\u00e9 pr\u00e9sent\u00e9s devant le procureur de la R\u00e9publique pr\u00e8s le tribunal de Mostaganem\u00a0\u00a0 qui les a renvoy\u00e9 \u00e0 son tour\u00a0 en audience o\u00f9 le chauffeur a\u00a0 \u00e9t\u00e9 innocent\u00e9 tandis que le 2\u00e8me\u00a0 mis en cause\u00a0 a re\u00e7u une peine de 7 ans de prison ferme assortie d\u2019une amende de 500 .000\u00a0 DA , a-t-on ajout\u00e9.\u00a0\u00a0\u00a0\u00a0\u00a0\u00a0\u00a0\u00a0<\/div>\n<\/div>\n<p>Auteur: G .Yacine<br \/>\n<a href=\"https:\/\/www.reflexiondz.net\/LUTTE-CONTRE-LE-TRAFIC-DE-DROGUE-Un-dealer-condamne-a-7-ans-de-prison-ferme_a54681.html\">Cliquez ici pour lire l&rsquo;article depuis sa source.<\/a><\/p>\n","protected":false},"excerpt":{"rendered":"<p>Dans le cadre de la lutte contre les diff\u00e9rents types de criminalit\u00e9, notamment le trafic de drogue, et les comprim\u00e9s de psychotropes, les forces de la police judiciaire relevant de la brigade de lutte contre le trafic de drogue aupr\u00e8s de la police judiciaire ont r\u00e9ussi \u00e0 arr\u00eater\u00a0 plusieurs personnes impliqu\u00e9es dans une affaire de [&hellip;]<\/p>\n","protected":false},"author":1740,"featured_media":0,"comment_status":"closed","ping_status":"closed","sticky":false,"template":"","format":"standard","meta":{"fifu_image_url":"","fifu_image_alt":"","footnotes":""},"categories":[53,76],"tags":[],"class_list":["post-17405","post","type-post","status-publish","format-standard","hentry","category-algerie","category-regions"],"_links":{"self":[{"href":"https:\/\/linitiative.ca\/International\/wp-json\/wp\/v2\/posts\/17405","targetHints":{"allow":["GET"]}}],"collection":[{"href":"https:\/\/linitiative.ca\/International\/wp-json\/wp\/v2\/posts"}],"about":[{"href":"https:\/\/linitiative.ca\/International\/wp-json\/wp\/v2\/types\/post"}],"author":[{"embeddable":true,"href":"https:\/\/linitiative.ca\/International\/wp-json\/wp\/v2\/users\/1740"}],"replies":[{"embeddable":true,"href":"https:\/\/linitiative.ca\/International\/wp-json\/wp\/v2\/comments?post=17405"}],"version-history":[{"count":0,"href":"https:\/\/linitiative.ca\/International\/wp-json\/wp\/v2\/posts\/17405\/revisions"}],"wp:attachment":[{"href":"https:\/\/linitiative.ca\/International\/wp-json\/wp\/v2\/media?parent=17405"}],"wp:term":[{"taxonomy":"category","embeddable":true,"href":"https:\/\/linitiative.ca\/International\/wp-json\/wp\/v2\/categories?post=17405"},{"taxonomy":"post_tag","embeddable":true,"href":"https:\/\/linitiative.ca\/International\/wp-json\/wp\/v2\/tags?post=17405"}],"curies":[{"name":"wp","href":"https:\/\/api.w.org\/{rel}","templated":true}]}}