{"id":17410,"date":"2019-02-25T15:03:44","date_gmt":"2019-02-25T20:03:44","guid":{"rendered":"https:\/\/linitiative.ca\/International\/union-interparlementaire-arabe-le-conseil-de-la-nation-prend-part-a-la-reunion-du-groupe-juridique\/"},"modified":"2019-02-25T15:03:44","modified_gmt":"2019-02-25T20:03:44","slug":"union-interparlementaire-arabe-le-conseil-de-la-nation-prend-part-a-la-reunion-du-groupe-juridique","status":"publish","type":"post","link":"https:\/\/linitiative.ca\/International\/union-interparlementaire-arabe-le-conseil-de-la-nation-prend-part-a-la-reunion-du-groupe-juridique\/","title":{"rendered":"Union interparlementaire arabe  : Le Conseil de la Nation prend part \u00e0 la r\u00e9union du Groupe juridique"},"content":{"rendered":"<p>Une d\u00e9l\u00e9gation relevant du Conseil de la nation, prendra part d\u00e8s aujourd\u2019hui, \u00e0 Amman (Jordanie) \u00e0 la r\u00e9union de la commission du groupe juridique issue du comit\u00e9 ex\u00e9cutif de l&rsquo;Union interparlementaire arabe (UIPA), organis\u00e9e en collaboration avec la Chambre des d\u00e9put\u00e9s jordaniens, a indiqu\u00e9 hier un communiqu\u00e9 du Conseil. Les participants \u00e0 cette r\u00e9union auront \u00e0 examiner \u00able mod\u00e8le-pilote de la loi arabe sur la lutte contre le terrorisme et les entit\u00e9s terroristes, outre le mod\u00e8le-pilote de la loi arabe sur la femme et l&rsquo;enfant\u00bb. Membre \u00e0 cette commission, le Conseil de la nation a, \u00e9galement, la qualit\u00e9 de membre du comit\u00e9 ex\u00e9cutif de l&rsquo;Union interparlementaire arabe et les commissions ad hoc.<br \/>\u00a0<\/p>\n<p>Auteur: elmoudjahid<br \/>\n<a href=\"http:\/\/www.elmoudjahid.com\/fr\/actualites\/134164\">Cliquez ici pour lire l&rsquo;article depuis sa source.<\/a><\/p>\n","protected":false},"excerpt":{"rendered":"<p>Une d\u00e9l\u00e9gation relevant du Conseil de la nation, prendra part d\u00e8s aujourd\u2019hui, \u00e0 Amman (Jordanie) \u00e0 la r\u00e9union de la commission du groupe juridique issue du comit\u00e9 ex\u00e9cutif de l&rsquo;Union interparlementaire arabe (UIPA), organis\u00e9e en collaboration avec la Chambre des d\u00e9put\u00e9s jordaniens, a indiqu\u00e9 hier un communiqu\u00e9 du Conseil. Les participants \u00e0 cette r\u00e9union auront [&hellip;]<\/p>\n","protected":false},"author":1744,"featured_media":0,"comment_status":"closed","ping_status":"closed","sticky":false,"template":"","format":"standard","meta":{"fifu_image_url":"","fifu_image_alt":"","footnotes":""},"categories":[73,53],"tags":[],"class_list":["post-17410","post","type-post","status-publish","format-standard","hentry","category-actualite","category-algerie"],"_links":{"self":[{"href":"https:\/\/linitiative.ca\/International\/wp-json\/wp\/v2\/posts\/17410","targetHints":{"allow":["GET"]}}],"collection":[{"href":"https:\/\/linitiative.ca\/International\/wp-json\/wp\/v2\/posts"}],"about":[{"href":"https:\/\/linitiative.ca\/International\/wp-json\/wp\/v2\/types\/post"}],"author":[{"embeddable":true,"href":"https:\/\/linitiative.ca\/International\/wp-json\/wp\/v2\/users\/1744"}],"replies":[{"embeddable":true,"href":"https:\/\/linitiative.ca\/International\/wp-json\/wp\/v2\/comments?post=17410"}],"version-history":[{"count":0,"href":"https:\/\/linitiative.ca\/International\/wp-json\/wp\/v2\/posts\/17410\/revisions"}],"wp:attachment":[{"href":"https:\/\/linitiative.ca\/International\/wp-json\/wp\/v2\/media?parent=17410"}],"wp:term":[{"taxonomy":"category","embeddable":true,"href":"https:\/\/linitiative.ca\/International\/wp-json\/wp\/v2\/categories?post=17410"},{"taxonomy":"post_tag","embeddable":true,"href":"https:\/\/linitiative.ca\/International\/wp-json\/wp\/v2\/tags?post=17410"}],"curies":[{"name":"wp","href":"https:\/\/api.w.org\/{rel}","templated":true}]}}