{"id":17417,"date":"2019-02-25T15:03:51","date_gmt":"2019-02-25T20:03:51","guid":{"rendered":"https:\/\/linitiative.ca\/International\/presentation-de-la-politique-generale-du-gouvernement-devant-lapn-des-avancees-majeures\/"},"modified":"2019-02-25T15:03:51","modified_gmt":"2019-02-25T20:03:51","slug":"presentation-de-la-politique-generale-du-gouvernement-devant-lapn-des-avancees-majeures","status":"publish","type":"post","link":"https:\/\/linitiative.ca\/International\/presentation-de-la-politique-generale-du-gouvernement-devant-lapn-des-avancees-majeures\/","title":{"rendered":"Pr\u00e9sentation de la politique g\u00e9n\u00e9rale du gouvernement devant l\u2019APN :  Des avanc\u00e9es majeures"},"content":{"rendered":"<p><strong>\u00abLa Constitution garantit aux citoyens le droit du rassemblement pacifique dans le cadre de la loi.\u00bb Le propos est du Premier ministre, M. Ahmed Ouyahia, qui s\u2019est exprim\u00e9 ainsi, hier \u00e0 l\u2019APN,\u00a0lors d\u2019une s\u00e9ance pl\u00e9ni\u00e8re consacr\u00e9e \u00e0 la pr\u00e9sentation de la d\u00e9claration politique du gouvernement \u00e0 l\u2019APN, pr\u00e9sid\u00e9e par M. Mouad Bouchareb, et tenue en pr\u00e9sence des membres du gouvernement.<\/strong><\/p>\n<p>\u00abUn nombre important de citoyens\u00a0 sont sortis dans la rue dans plusieurs villes du pays notamment vendredi dernier, Dieu merci, toutes ces marches ont \u00e9t\u00e9 pacifiques\u00bb, s\u2019est-il f\u00e9licit\u00e9. Il a toutefois\u00a0 appel\u00e9 la soci\u00e9t\u00e9 \u00e0 la \u00abvigilance pour \u00e9viter tout d\u00e9rapage\u00bb pouvant survenir au cours de ces manifestations, d\u2019autant plus, pr\u00e9cise-t-il, qu\u2019elles ont eu lieu suite \u00e0 des appels anonymes sur les r\u00e9seaux sociaux. \u00abJusqu\u2019\u00e0 pr\u00e9sent ces manifestations sont pacifiques mais elles pourraient rev\u00eatir un autre caract\u00e8re demain\u00bb, avertit le Premier ministre. \u00ab\u00a0On a eu dimanche dernier un \u00e9chantillon de ce risque de d\u00e9rapage avec les appels aux lyc\u00e9ens \u00e0 marcher\u00bb, a-t-il ajout\u00e9 avant de saluer les forces de s\u00e9curit\u00e9 pour \u00ableur mobilisation et professionnalisme dans le maintien de l\u2019ordre avec des m\u00e9thodes pacifiques. En r\u00e9action\u00a0 aux slogans scand\u00e9s lors des\u00a0 pr\u00e9c\u00e9dentes manifestations, M. Ouyahia a mis l\u2019accent sur le verdict que rendra l\u2019urne \u00e0 l\u2019issue de la prochaine pr\u00e9sidentielle du 18 avril. \u00abMon premier commentaire concerne les messages li\u00e9s \u00e0 l\u2019\u00e9lection pr\u00e9sidentielle.\u2008Je r\u00e9affirme que cette \u00e9lection aura lieu dans moins de deux mois et sera pour notre peuple l\u2019occasion de choisir en toute libert\u00e9 et souverainet\u00e9. Tout le monde a le droit de soutenir un candidat ou de s\u2019opposer \u00e0 un candidat. Mais tout doit se faire \u00e0 travers l\u2019urne, de fa\u00e7on pacifique et civilis\u00e9e\u00bb, a-t-il dit.\u00a0<br \/>Quant aux appels au \u00abchangement\u00bb, le Premier ministre rappellera \u00e0 ce propos que le\u00a0 Pr\u00e9sident de la R\u00e9publique s\u2019est engag\u00e9, s\u2019il est r\u00e9\u00e9lu, \u00e0 organiser une conf\u00e9rence nationale de consensus sans pr\u00e9c\u00e9dent dans l\u2019histoire de l\u2019Alg\u00e9rie. \u00abCette conf\u00e9rence sera une premi\u00e8re dans l\u2019histoire de l\u2019Alg\u00e9rie. Elle sera ouverte \u00e0 tous, et son objectif est de d\u00e9battre de tout sauf des constantes nationales et du caract\u00e8re r\u00e9publicain de l\u2019Etat\u00bb, a-t-il assur\u00e9.\u00a0 Cette rencontre permettra, ajoute-t-il,\u00a0\u00abaux forces politiques, sociales et \u00e9conomiques, sans exclusion, de s\u2019asseoir ensemble, de d\u00e9battre librement, de d\u00e9gager une plateforme politique, \u00e9conomique et sociale, et de proposer aussi une r\u00e9forme constitutionnelle \u00e0 la hauteur de leurs attentes et qui pourrait \u00eatre profonde\u00bb.\u00a0M\u00eame un \u00abchangement radical\u00bb de la loi fondamental n\u2019est pas \u00e0 \u00e9carter, indique le Premier ministre pour qui cette conf\u00e9rence nationale inclusive \u00abest aussi une main tendue sinc\u00e8rement par le Pr\u00e9sident Bouteflika\u00bb. Il mettra en outre en relief la n\u00e9cessit\u00e9 de pr\u00e9server la stabilit\u00e9 du pays, un principe\u00a0 qu\u2019il y a lieu de hisser au-dessus de toute divergence. \u00abNous sommes tous des enfants de l\u2019Alg\u00e9rie, qui a connu des souffrances et une trag\u00e9die. On peut se mettre d\u2019accord comme on peut avoir des points de vue diff\u00e9rents, mais le plus important est la pr\u00e9servation de la stabilit\u00e9 de l\u2019Alg\u00e9rie, acquise notamment gr\u00e2ce \u00e0 la Charte pour la paix et la r\u00e9conciliation nationale\u00bb, dira-t-il, \u00abtout le peuple a le droit de vivre dans la paix et la stabilit\u00e9\u00bb, a-t-il insist\u00e9 rappelant, une fois de plus que la loi garantit le droit de manifester pacifiquement et que c\u2019est cela constitue un signe de vitalit\u00e9 de la d\u00e9mocratie alg\u00e9rienne qui n\u2019en sortira\u00a0 que \u00abvictorieuse\u00bb.<br \/>\u00a0M. Ouyahia persiste et signe en affirmant que la conf\u00e9rence nationale\u00a0\u00a0 propos\u00e9 par\u00a0 M. Bouteflika rel\u00e8ve d\u2019une initiative d\u2019une importance capitale, compte tenu\u00a0 des d\u00e9fis et enjeux auxquels le pays est confront\u00e9. Ainsi \u00abnotre pays est interpell\u00e9 pour redoubler d\u2019efforts, approfondir ses r\u00e9formes, ses mutations et ses progressions. Ce qui exigent une conjonction f\u00e9conde des \u00e9nergies politiques \u00e9conomiques et social, dans le respect des diversit\u00e9s d\u2019opinion\u00bb, a soutenu le Premier ministre, mettant l\u2019accent sur \u00abla v\u00e9ritable renaissance qu\u2019a connue l\u2019Alg\u00e9rie ces vingt derni\u00e8res ann\u00e9es\u00bb. \u00abLes r\u00e9alisations physiques des vingt derni\u00e8res ann\u00e9es sont le fruit d\u2019une v\u00e9ritable entreprise de reconstruction nationale d\u2019un pays mis \u00e0 genou par une grave crise \u00e9conomique, mais aussi terriblement frapp\u00e9 par une trag\u00e9die nationale sanglante\u00bb, a-t-il indiqu\u00e9. Il a \u00e9voqu\u00e9 en outre la mise en \u0153uvre du programme du Pr\u00e9sident Bouteflika pour la p\u00e9riode 2014-2018,\u00a0 qui est marqu\u00e9 par des \u00abavanc\u00e9es majeures dans tous les domaines gr\u00e2ce \u00e0 \u00abla continuit\u00e9\u00a0 et la pers\u00e9v\u00e9rance dans la d\u00e9marche\u00bb. Il illustre \u00e0 cet effet la r\u00e9vision de la Constitution, en 2016, sur la base d\u2019une large consultation qui a d\u00e9bouch\u00e9 sur d\u2019importantes avanc\u00e9es dans plusieurs domaines. Il souligne aussi les exploits du secteur de la justice, tant en mati\u00e8re de r\u00e9seau de juridiction qu\u2019en termes de r\u00e9formes\u00a0 profonde de la l\u00e9gislation, tout comme il a mis\u00a0 l\u2019accent sur la progression de la modernisation de l\u2019administration. Dans le domaine \u00e9conomique, l\u2019investissement a b\u00e9n\u00e9fici\u00e9 de facilitations suppl\u00e9mentaires, notamment \u00e0 travers la d\u00e9centralisation des proc\u00e9dures, une offre plus grande du foncier industriel, d\u2019importantes mesures de d\u00e9fiscalisation et de bonification des cr\u00e9dits bancaires, ainsi que le\u00a0\u00a0 soutien aux exportations hors hydrocarbures.\u00a0 S\u2019agissant des r\u00e9alisations physiques, les cinq derni\u00e8res ann\u00e9es d\u00e9gagent un bilan \u00ab\u00e9loquent\u00bb, a-t-il soutenu, soulignant que ce bilan a \u00e9t\u00e9 atteint en d\u00e9pit du choc p\u00e9trolier apparu en 2014 et qui a r\u00e9duit de 70% les revenus ext\u00e9rieurs du pays. Il a cit\u00e9 notamment les 1,2 million de logements livr\u00e9s, 1,6 million de\u00a0\u00a0 foyers raccord\u00e9s au gaz naturel et pr\u00e8s de 2 millions de foyers raccord\u00e9s \u00e0 l\u2019\u00e9nergie \u00e9lectrique, 8 barrages r\u00e9alis\u00e9s, alors que le r\u00e9seau routier s\u2019est accru de plus de 3.500 km auquel s\u2019ajoutent le r\u00e9seau ferroviaire qui a enregistr\u00e9 la construction et la modernisation de plus de 1.000 km, et la r\u00e9alisation de nombreuses infrastructures portuaires, a\u00e9roportuaires et de transport urbain. L\u2019ANDI a enregistr\u00e9 plus de 26.000 projets d\u2019un montant sup\u00e9rieur \u00e0 8.000\u00a0\u00a0 milliards DA, a encore affirm\u00e9 M. Ouyahia, ajoutant que l\u2019investissement agricole a totalis\u00e9 67.000 projets soutenus par les fonds publics avec un montant de 351 milliards DA.\u00a0 De ce fait, il se confirme que la mise en \u0153uvre du programme du Pr\u00e9sident de la R\u00e9publique pour la p\u00e9riode 2014 &#8211; 2018, \u00e0 laquelle a pris part le gouvernement, aura \u00e9t\u00e9 caract\u00e9ris\u00e9e par des avanc\u00e9es \u00abmajeures\u00bb dans tous les domaines, a-t-il soutenu.<br \/>\u00a0<br \/><strong>L\u2019Alg\u00e9rie a travers\u00e9 la crise p\u00e9troli\u00e8re\u00a0 en pr\u00e9servant l\u2019ind\u00e9pendance\u00a0 de sa d\u00e9cision \u00e9conomique\u00a0\u00a0\u00a0\u00a0<\/strong><\/p>\n<p>L\u2019Alg\u00e9rie a travers\u00e9 le choc p\u00e9trolier avec ses propres ressources financi\u00e8res en pr\u00e9servant son ind\u00e9pendance de d\u00e9cision \u00e9conomique, a affirm\u00e9 en outre le Premier ministre\u00a0 qui a pr\u00e9sent\u00e9 le bilan du plan d\u2019action du\u00a0 gouvernement durant les deux derni\u00e8res ann\u00e9es. Durant cette p\u00e9riode, \u00able pays a poursuivi les r\u00e9formes pour l\u2019am\u00e9lioration de l\u2019environnement financier et de l\u2019investissement\u00bb, a-t-il rappel\u00e9. Citant les progr\u00e8s enregistr\u00e9s dans le domaine \u00e9conomique, il a relev\u00e9 que l\u2019agriculture a connu un taux de croissance proche de 9%.<br \/>\u00a0Quant \u00e0 l\u2019industrie, il a soutenu que ce secteur arrive \u00e0 satisfaire la demande nationale dans plusieurs fili\u00e8res et m\u00eame \u00e0 accro\u00eetre ses exportations hors hydrocarbures. En dressant le bilan de l\u2019action de son gouvernement depuis septembre 2017, M. Ouyahia a \u00e9galement estim\u00e9 que la croissance \u00e9conomique a \u00e9t\u00e9 \u00abrobuste\u00bb, se rapprochant de 4% en 2018 hors des hydrocarbures. Evoquant le secteur des hydrocarbures, il a soutenu qu\u2019il est en \u00abphase de mise \u00e0 niveau\u00bb et qu\u2019il dispose d\u2019un \u00abavenir prometteur\u00bb gr\u00e2ce \u00e0 sa future l\u00e9gislation r\u00e9vis\u00e9e, \u00e0 l\u2019exploration des ressources non conventionnelles et au d\u00e9veloppement de la p\u00e9trochimie. Le Premier ministre a, en outre, indiqu\u00e9 que les transferts sociaux repr\u00e9sentent plus de 1.500 milliards DA\/an, alors que le taux de ch\u00f4mage s\u2019est stabilis\u00e9 \u00e0 11%, malgr\u00e9 l\u2019importance des nouvelles demandes d\u2019emploi.\u00a0<br \/>Abordant la communaut\u00e9 nationale \u00e0 l\u2019\u00e9tranger, il a rappel\u00e9 qu\u2019elle b\u00e9n\u00e9ficie de mesures nouvelles d\u00e9cid\u00e9es par le Pr\u00e9sident de\u00a0\u00a0 la R\u00e9publique il y a une ann\u00e9e. Ainsi, concernant la diaspora alg\u00e9rienne, il a indiqu\u00e9 que 21.000 dossiers ont d\u00e9j\u00e0 \u00e9t\u00e9 trait\u00e9s pour l\u2019acc\u00e8s au logement promotionnel, alors que plus de 900 dossiers ont \u00e9t\u00e9 finalis\u00e9s pour le b\u00e9n\u00e9fice de microcr\u00e9dits en faveur des jeunes.<br \/>En outre, des dizaines de projets d\u2019investissements des expatri\u00e9s alg\u00e9riens sont trait\u00e9s par l\u2019Agence nationale de d\u00e9veloppement de\u00a0\u00a0 l\u2019investissement (ANDI), a fait valoir M.\u2008Ouyahia qui a fait savoir que l\u2019ouverture d\u2019une banque alg\u00e9rienne en France sera concr\u00e9tis\u00e9e en 2019. Par ailleurs, le Premier ministre a estim\u00e9 que les r\u00e9alisations physiques des vingt derni\u00e8res ann\u00e9es sont le fruit d\u2019une \u00abv\u00e9ritable entreprise de reconstruction nationale d\u2019un pays mis \u00e0 genou par une grave crise \u00e9conomique, mais aussi terriblement frapp\u00e9 par une trag\u00e9die nationale sanglante\u00bb. Rappelant qu\u2019en 1999, l\u2019Alg\u00e9rie croulait sous un endettement ext\u00e9rieur de plus de 30 milliards de dollars, il a indiqu\u00e9 que c\u2019est la continuit\u00e9 qui a permis de rembourser par anticipation plus de 25 milliards de dollars de\u00a0 cette dette, de mettre un terme au recours \u00e0 l\u2019endettement ext\u00e9rieur, de mener une gestion prudente des r\u00e9serves de changes et de constituer une importante \u00e9pargne du Tr\u00e9sor. \u00abCe sont ces diff\u00e9rentes mesures qui ont permis \u00e0 notre pays de faire face au r\u00e9cent choc p\u00e9trolier\u00bb, a-t-il insist\u00e9.<br \/>Revenant au recul du prix du p\u00e9trole, le Premier ministre a rappel\u00e9 que la\u00a0 chute des cours du brut en 1986 avait co\u00fbt\u00e9 \u00e0 l\u2019Alg\u00e9rie l\u2019arr\u00eat du processus de d\u00e9veloppement, un endettement ext\u00e9rieur \u00e9touffant et un\u00a0 ajustement structurel \u00abdouloureux\u00bb. Mais pour le choc p\u00e9trolier de 2014, qui a accul\u00e9 des pays p\u00e9troliers \u00e0 la r\u00e9cession et pouss\u00e9 d\u2019autres \u00e0 contracter des programmes d\u2019ajustement financier, le Premier ministre a tenu \u00e0 pr\u00e9ciser que l\u2019Alg\u00e9rie, elle a pu traverser cette tourmente \u00abavec ses propres ressources financi\u00e8res pr\u00e9servant son ind\u00e9pendance de d\u00e9cision \u00e9conomique\u00bb.<\/p>\n<p><strong>\u00a0 D\u00e9fis et enjeux<\/strong><\/p>\n<p>Plus encore, a-t-il poursuivi, le processus de d\u00e9veloppement n\u2019a pas \u00e9t\u00e9 bloqu\u00e9, m\u00eame s\u2019il a connu un ralentissement, avant d\u2019\u00eatre relanc\u00e9 \u00abgr\u00e2ce \u00e0 des mesures financi\u00e8res internes prises souverainement\u00bb.<br \/>M. Ouyahia a abord\u00e9 la maturation du d\u00e9veloppement \u00e9conomique lequel, a-t-il observ\u00e9, \u00abest souvent d\u00e9cri\u00e9 partant de lectures\u00a0 imm\u00e9diates\u00bb. Cependant, a-t-il not\u00e9, l\u2019analyse plus attentive de ce d\u00e9veloppement \u00e9conomique \u00abne pourrait manquer de confirmer l\u2019apparition graduelle de ses\u00a0 fruits\u00bb. Citant, dans ce sens, l\u2019exemple du domaine agricole, il a soulign\u00e9 que l\u2019important programme de soutien public \u00e0 l\u2019investissement, aux productions strat\u00e9giques et \u00e0 l\u2019irrigation, donne d\u00e9j\u00e0 des r\u00e9sultats \u00abprobants\u00bb. A ce propos, il a relev\u00e9 que le pays r\u00e9duit de plus en plus sa d\u00e9pendance en mati\u00e8re de viande et de lait et qu\u2019il rel\u00e8vera ce d\u00e9fi dans quelques ann\u00e9es.\u00a0 Pour le reste de la production agricole, il a observ\u00e9 que l\u2019Alg\u00e9rie d\u00e9passe de plus en plus le seuil de l\u2019autosuffisance et d\u00e9gage des capacit\u00e9s suppl\u00e9mentaires destin\u00e9es \u00e0 une exportation croissante.\u00a0<br \/>Dans le domaine de l\u2019entreprise, les importants avantages incitatifs conc\u00e9d\u00e9s au niveau fiscal et parafiscal ainsi que les cr\u00e9dits bonifi\u00e9s, sont \u00e0 l\u2019origine des dizaines de milliers d\u2019investissements, notamment nationaux de tailles diverses, selon le Premier ministre, ajoutant que les partenaires \u00e9trangers \u00abfont aussi de plus en plus confiance \u00e0 la stabilit\u00e9\u00a0 politique et aussi juridique du pays\u00bb, se traduisant par la multiplication des grands projets mixtes. En outre, en \u00e9num\u00e9rant les d\u00e9fis et enjeux auxquels l\u2019Alg\u00e9rie est confront\u00e9e, il a cit\u00e9, au plan interne, \u00abl\u2019importante progression\u00bb r\u00e9alis\u00e9e dans le domaine du d\u00e9veloppement, notamment humain, les \u00abambitions l\u00e9gitimes\u00bb des jeunes g\u00e9n\u00e9rations, les \u00abexigences int\u00e9grales\u00bb d\u2019un Etat de droit et de d\u00e9mocratie pluraliste, ainsi que la n\u00e9cessit\u00e9 de d\u00e9velopper davantage une \u00e9conomie diversifi\u00e9e et comp\u00e9titive, fournissant \u00e0 l\u2019Etat les ressources n\u00e9cessaires pour la p\u00e9rennit\u00e9 de la politique nationale de justice sociale et de solidarit\u00e9 nationale.\u00a0<br \/>Au plan externe, le Premier ministre a mentionn\u00e9 l\u2019instabilit\u00e9, les foyers de tension, de terrorisme et de crime transnational qui persistent dans le voisinage imm\u00e9diat, ainsi que les incertitudes qui p\u00e8sent sur l\u2019\u00e9conomie mondiale en g\u00e9n\u00e9ral et les facteurs de bouleversement qui s\u2019accumulent sur le march\u00e9 international des hydrocarbures.\u00a0<br \/>Karim Aoudia<\/p>\n<p>Auteur: elmoudjahid<br \/>\n<a href=\"http:\/\/www.elmoudjahid.com\/fr\/actualites\/134165\">Cliquez ici pour lire l&rsquo;article depuis sa source.<\/a><\/p>\n","protected":false},"excerpt":{"rendered":"<p>\u00abLa Constitution garantit aux citoyens le droit du rassemblement pacifique dans le cadre de la loi.\u00bb Le propos est du Premier ministre, M. Ahmed Ouyahia, qui s\u2019est exprim\u00e9 ainsi, hier \u00e0 l\u2019APN,\u00a0lors d\u2019une s\u00e9ance pl\u00e9ni\u00e8re consacr\u00e9e \u00e0 la pr\u00e9sentation de la d\u00e9claration politique du gouvernement \u00e0 l\u2019APN, pr\u00e9sid\u00e9e par M. Mouad Bouchareb, et tenue en [&hellip;]<\/p>\n","protected":false},"author":1744,"featured_media":0,"comment_status":"closed","ping_status":"closed","sticky":false,"template":"","format":"standard","meta":{"fifu_image_url":"","fifu_image_alt":"","footnotes":""},"categories":[73,53],"tags":[],"class_list":["post-17417","post","type-post","status-publish","format-standard","hentry","category-actualite","category-algerie"],"_links":{"self":[{"href":"https:\/\/linitiative.ca\/International\/wp-json\/wp\/v2\/posts\/17417","targetHints":{"allow":["GET"]}}],"collection":[{"href":"https:\/\/linitiative.ca\/International\/wp-json\/wp\/v2\/posts"}],"about":[{"href":"https:\/\/linitiative.ca\/International\/wp-json\/wp\/v2\/types\/post"}],"author":[{"embeddable":true,"href":"https:\/\/linitiative.ca\/International\/wp-json\/wp\/v2\/users\/1744"}],"replies":[{"embeddable":true,"href":"https:\/\/linitiative.ca\/International\/wp-json\/wp\/v2\/comments?post=17417"}],"version-history":[{"count":0,"href":"https:\/\/linitiative.ca\/International\/wp-json\/wp\/v2\/posts\/17417\/revisions"}],"wp:attachment":[{"href":"https:\/\/linitiative.ca\/International\/wp-json\/wp\/v2\/media?parent=17417"}],"wp:term":[{"taxonomy":"category","embeddable":true,"href":"https:\/\/linitiative.ca\/International\/wp-json\/wp\/v2\/categories?post=17417"},{"taxonomy":"post_tag","embeddable":true,"href":"https:\/\/linitiative.ca\/International\/wp-json\/wp\/v2\/tags?post=17417"}],"curies":[{"name":"wp","href":"https:\/\/api.w.org\/{rel}","templated":true}]}}