{"id":17419,"date":"2019-02-25T15:03:52","date_gmt":"2019-02-25T20:03:52","guid":{"rendered":"https:\/\/linitiative.ca\/International\/exposition-partage-de-samia-boumerdaci-a-la-galerie-aicha-haddad-ode-a-la-nature-et-a-lesprit-de-lafrique\/"},"modified":"2019-02-25T15:03:52","modified_gmt":"2019-02-25T20:03:52","slug":"exposition-partage-de-samia-boumerdaci-a-la-galerie-aicha-haddad-ode-a-la-nature-et-a-lesprit-de-lafrique","status":"publish","type":"post","link":"https:\/\/linitiative.ca\/International\/exposition-partage-de-samia-boumerdaci-a-la-galerie-aicha-haddad-ode-a-la-nature-et-a-lesprit-de-lafrique\/","title":{"rendered":"Exposition \u00ab Partage \u00bb, de Samia Boumerdaci, \u00e0 la galerie A\u00efcha-Haddad   : Ode \u00e0 la nature et \u00e0 l\u2019esprit de l\u2019Afrique"},"content":{"rendered":"<p><strong>L\u2019artiste peintre Samia Boumerdaci expose, \u00e0 la galerie A\u00efcha-Haddad \u00e0 Alger, une panoplie de ses toiles qui enchantent le c\u0153ur et qui apaisent l\u2019\u00e2me. L\u2019exposition, intitul\u00e9e \u00abPartage\u00bb, se poursuit jusqu\u2019au 7 mars prochain.<\/strong><\/p>\n<p>L\u2019artiste partage avec beaucoup d\u2019\u00e9motion son univers de couleurs \u00e9carlates. elle ouvre le c\u0153ur de son pinceau pour d\u00e9clarer sa flamme \u00e0 la beaut\u00e9 du monde, elle partage son amour pour la nature et renforce son ancrage culturel \u00e0 la terre d\u2019accueil.<br \/>A travers une dizaine de tableaux, faits en acrylique dans un style abstrait, Samia Boumerdaci emm\u00e8ne le visiteur de son exposition vers d\u2019autres formes de la cr\u00e9ativit\u00e9 visuelle. Elle utilise des couleurs tant\u00f4t vives pour faire l\u2019ode de la nature, tant\u00f4t sombres pour \u00e9voquer le c\u00f4t\u00e9 sombre de la nature, \u00e0 l\u2019exemple de la lune.<br \/>Et comme de coutume chez la plupart des artistes peintres, la nature \u00e9tant un domaine sacr\u00e9 qui a toujours \u00e9t\u00e9 une in\u00e9puisable source d\u2019inspiration, Samia Boumerdaci consacre une dizaine de tableaux pour partager sa passion pour la nature \u00e0 travers des \u0153uvres comme \u00abAqua\u00bb, \u00abFloraison\u00bb, \u00abPrintemps\u00bb, \u00abA travers ma vitre, les gouttes de pluie jouent avec la lumi\u00e8re\u00bb, \u00abJasmin\u00bb, \u00abPolichinelle\u00bb ou encore \u00abPourpre\u00bb.<br \/>L\u2019artiste a insist\u00e9 \u00e0 consacrer deux tableaux intitul\u00e9s \u00abEsprit Mandella\u00bb pour dire toute sa fiert\u00e9 de faire partie du continent africain et de rappeler notre ancrage culturel dans le continent noir \u00e0 travers des \u0153uvres de qualit\u00e9.<br \/><strong>Kader Bentoun\u00e8s<\/strong><br \/>\u00a0<\/p>\n<p>Auteur: elmoudjahid<br \/>\n<a href=\"http:\/\/www.elmoudjahid.com\/fr\/actualites\/134166\">Cliquez ici pour lire l&rsquo;article depuis sa source.<\/a><\/p>\n","protected":false},"excerpt":{"rendered":"<p>L\u2019artiste peintre Samia Boumerdaci expose, \u00e0 la galerie A\u00efcha-Haddad \u00e0 Alger, une panoplie de ses toiles qui enchantent le c\u0153ur et qui apaisent l\u2019\u00e2me. L\u2019exposition, intitul\u00e9e \u00abPartage\u00bb, se poursuit jusqu\u2019au 7 mars prochain. L\u2019artiste partage avec beaucoup d\u2019\u00e9motion son univers de couleurs \u00e9carlates. elle ouvre le c\u0153ur de son pinceau pour d\u00e9clarer sa flamme \u00e0 [&hellip;]<\/p>\n","protected":false},"author":1744,"featured_media":0,"comment_status":"closed","ping_status":"closed","sticky":false,"template":"","format":"standard","meta":{"fifu_image_url":"","fifu_image_alt":"","footnotes":""},"categories":[73,53],"tags":[],"class_list":["post-17419","post","type-post","status-publish","format-standard","hentry","category-actualite","category-algerie"],"_links":{"self":[{"href":"https:\/\/linitiative.ca\/International\/wp-json\/wp\/v2\/posts\/17419","targetHints":{"allow":["GET"]}}],"collection":[{"href":"https:\/\/linitiative.ca\/International\/wp-json\/wp\/v2\/posts"}],"about":[{"href":"https:\/\/linitiative.ca\/International\/wp-json\/wp\/v2\/types\/post"}],"author":[{"embeddable":true,"href":"https:\/\/linitiative.ca\/International\/wp-json\/wp\/v2\/users\/1744"}],"replies":[{"embeddable":true,"href":"https:\/\/linitiative.ca\/International\/wp-json\/wp\/v2\/comments?post=17419"}],"version-history":[{"count":0,"href":"https:\/\/linitiative.ca\/International\/wp-json\/wp\/v2\/posts\/17419\/revisions"}],"wp:attachment":[{"href":"https:\/\/linitiative.ca\/International\/wp-json\/wp\/v2\/media?parent=17419"}],"wp:term":[{"taxonomy":"category","embeddable":true,"href":"https:\/\/linitiative.ca\/International\/wp-json\/wp\/v2\/categories?post=17419"},{"taxonomy":"post_tag","embeddable":true,"href":"https:\/\/linitiative.ca\/International\/wp-json\/wp\/v2\/tags?post=17419"}],"curies":[{"name":"wp","href":"https:\/\/api.w.org\/{rel}","templated":true}]}}