{"id":17434,"date":"2019-02-25T14:49:47","date_gmt":"2019-02-25T19:49:47","guid":{"rendered":"https:\/\/linitiative.ca\/International\/rabat-accueille-un-nouvel-institut-de-commerce\/"},"modified":"2019-02-25T14:49:47","modified_gmt":"2019-02-25T19:49:47","slug":"rabat-accueille-un-nouvel-institut-de-commerce","status":"publish","type":"post","link":"https:\/\/linitiative.ca\/International\/rabat-accueille-un-nouvel-institut-de-commerce\/","title":{"rendered":"Rabat accueille un nouvel Institut de Commerce"},"content":{"rendered":"<p>Un nouvel institut vient de voir le jour au sein de la capitale.<\/p>\n<div class=\"c10\"\/>\n<p>L\u2019<strong>Institut de commerce et de gestion de Rabat<\/strong> cr\u00e9\u00e9 \u00e0 l\u2019initiative de la Chambre de Commerce, d\u2019Industrie et de Services de la R\u00e9gion de Rabat-Sal\u00e9-K\u00e9nitra a \u00e9t\u00e9 inaugur\u00e9 lundi \u00e0 Rabat.<\/p>\n<p>Le lancement de l\u2019institut permettra de consolider les capacit\u00e9s de la Chambre en mati\u00e8re d\u2019offre de formations aux entreprises, aux commer\u00e7ants et aux professionnelles. Cet \u00e9tablissement de <strong>formation professionnelle<\/strong> initiale et continue devra renforcer les capacit\u00e9s de la Chambre \u00e0 offrir une formation adapt\u00e9e aux besoins r\u00e9els des entreprises de la r\u00e9gion, en particulier dans les domaines des techniques de marketing commercial, de la gestion financi\u00e8re et comptable, de l\u2019informatique et du commerce \u00e9lectronique en tant que formation initiale.<\/p>\n<p>L\u2019offre de formation continue porte sur des domaines vari\u00e9s tels que la communication professionnelle, la qualit\u00e9, le droit de soci\u00e9t\u00e9s, les ressources humaines et d\u2019autres formations propos\u00e9es par les secteurs public et priv\u00e9. D\u2019une capacit\u00e9 de 60 \u00e0 80 \u00e9tudiants, \u00e0 hauteur de 200 places p\u00e9dagogiques qui seront encadr\u00e9s et form\u00e9s par des professeurs exp\u00e9riment\u00e9s, l\u2019Institut va dispenser une formation p\u00e9dagogique et pratique.<\/p>\n<div class=\"c17\">\n<fieldset class=\"c16\">\n<legend><strong><span class=\"c11\">Challenge<\/span><span class=\"c12\">news<\/span><\/strong><\/legend>\n<div class=\"c15\">Le meilleur de la r\u00e9daction s\u00e9lectionn\u00e9 par Challenge :<\/p>\n<\/div>\n<\/fieldset>\n<\/div>\n<p>Auteur: Karim Handaoui<br \/>\n<a href=\"https:\/\/www.challenge.ma\/rabat-accueille-un-nouvel-institut-de-commerce-105350\/\">Cliquez ici pour lire l&rsquo;article depuis sa source.<\/a><\/p>\n","protected":false},"excerpt":{"rendered":"<p>Un nouvel institut vient de voir le jour au sein de la capitale. L\u2019Institut de commerce et de gestion de Rabat cr\u00e9\u00e9 \u00e0 l\u2019initiative de la Chambre de Commerce, d\u2019Industrie et de Services de la R\u00e9gion de Rabat-Sal\u00e9-K\u00e9nitra a \u00e9t\u00e9 inaugur\u00e9 lundi \u00e0 Rabat. Le lancement de l\u2019institut permettra de consolider les capacit\u00e9s de la [&hellip;]<\/p>\n","protected":false},"author":1787,"featured_media":0,"comment_status":"closed","ping_status":"closed","sticky":false,"template":"","format":"standard","meta":{"fifu_image_url":"","fifu_image_alt":"","footnotes":""},"categories":[78,54],"tags":[],"class_list":["post-17434","post","type-post","status-publish","format-standard","hentry","category-economie","category-maroc"],"_links":{"self":[{"href":"https:\/\/linitiative.ca\/International\/wp-json\/wp\/v2\/posts\/17434","targetHints":{"allow":["GET"]}}],"collection":[{"href":"https:\/\/linitiative.ca\/International\/wp-json\/wp\/v2\/posts"}],"about":[{"href":"https:\/\/linitiative.ca\/International\/wp-json\/wp\/v2\/types\/post"}],"author":[{"embeddable":true,"href":"https:\/\/linitiative.ca\/International\/wp-json\/wp\/v2\/users\/1787"}],"replies":[{"embeddable":true,"href":"https:\/\/linitiative.ca\/International\/wp-json\/wp\/v2\/comments?post=17434"}],"version-history":[{"count":0,"href":"https:\/\/linitiative.ca\/International\/wp-json\/wp\/v2\/posts\/17434\/revisions"}],"wp:attachment":[{"href":"https:\/\/linitiative.ca\/International\/wp-json\/wp\/v2\/media?parent=17434"}],"wp:term":[{"taxonomy":"category","embeddable":true,"href":"https:\/\/linitiative.ca\/International\/wp-json\/wp\/v2\/categories?post=17434"},{"taxonomy":"post_tag","embeddable":true,"href":"https:\/\/linitiative.ca\/International\/wp-json\/wp\/v2\/tags?post=17434"}],"curies":[{"name":"wp","href":"https:\/\/api.w.org\/{rel}","templated":true}]}}