{"id":17454,"date":"2019-02-25T16:08:47","date_gmt":"2019-02-25T21:08:47","guid":{"rendered":"https:\/\/linitiative.ca\/International\/tunisie-kasserine-arrestation-dune-fille-ayant-participe-au-braquage-dune-ambulance\/"},"modified":"2019-02-25T16:08:47","modified_gmt":"2019-02-25T21:08:47","slug":"tunisie-kasserine-arrestation-dune-fille-ayant-participe-au-braquage-dune-ambulance","status":"publish","type":"post","link":"https:\/\/linitiative.ca\/International\/tunisie-kasserine-arrestation-dune-fille-ayant-participe-au-braquage-dune-ambulance\/","title":{"rendered":"Tunisie \u2013 Kasserine\u00a0: Arrestation d\u2019une fille ayant particip\u00e9 au braquage d\u2019une ambulance"},"content":{"rendered":"<div class=\"post-cont-in left relative\">\n<div class=\"nc_socialPanel swp_flatFresh swp_d_fullColor swp_i_fullColor swp_o_fullColor scale-100 scale-fullWidth\" data-position=\"none\" data-float=\"floatNone\" data-count=\"5\" data-floatcolor=\"#ffffff\" data-emphasize=\"0\">\n<div class=\"nc_tweetContainer totes totesalt\" data-id=\"6\"><span class=\"swp_count\"><span class=\"swp_label\">Partages<\/span> 10<\/span><\/div>\n<\/div>\n<p>Les agents de police du district de la s\u00fbret\u00e9 nationale de Kasserine, ont r\u00e9ussi \u00e0 identifier et appr\u00e9hender, une jeune fille de 20 ans, qui avait particip\u00e9 au braquage, hier, au cours de la nuit, d\u2019une ambulance relevant de l\u2019h\u00f4pital local de Ha\u00efdra. La jeune fille a \u00e9t\u00e9 reconnue par ses victimes et a avou\u00e9 son forfait, et donn\u00e9 l\u2019identit\u00e9 de ses complices, en avouant, par ailleurs, qu\u2019ils ont braqu\u00e9, lors de la m\u00eame nuit, un taxi, que les forces de l\u2019ordre ont r\u00e9ussi \u00e0 r\u00e9cup\u00e9rer.<\/p>\n<p>Les complices sont toujours recherch\u00e9s.<\/p>\n<div class=\"code-block code-block-1 c3\"><ins class=\"adsbygoogle c2\" data-ad-layout=\"in-article\" data-ad-format=\"fluid\" data-ad-client=\"ca-pub-2102118777505746\" data-ad-slot=\"7301775417\"\/> <\/div>\n<div class=\"mvp-org-wrap mvp-org-logo\" itemprop=\"publisher\" itemscope=\"\" itemtype=\"https:\/\/schema.org\/Organization\"><img decoding=\"async\" src=\"https:\/\/www.tunisienumerique.com\/wp-content\/uploads\/2017\/02\/logo_tunisie_numerique.png\"\/><\/div>\n<div class=\"nc_socialPanel swp_flatFresh swp_d_fullColor swp_i_fullColor swp_o_fullColor scale-100 scale-fullWidth\" data-position=\"none\" data-float=\"floatNone\" data-count=\"5\" data-floatcolor=\"#ffffff\" data-emphasize=\"0\">\n<div class=\"nc_tweetContainer totes totesalt\" data-id=\"6\"><span class=\"swp_count\"><span class=\"swp_label\">Partages<\/span> 10<\/span><\/div>\n<\/div>\n<div class=\"mvp-related-posts left relative\">\n<h4 class=\"post-header\"><span class=\"post-header\">Lire aussi<\/span><\/h4>\n<\/div>\n<\/div>\n<p>Auteur: LM<br \/>\n<a href=\"https:\/\/www.tunisienumerique.com\/tunisie-kasserine-arrestation-dune-fille-ayant-participe-au-braquage-dune-ambulance\/\">Cliquez ici pour lire l&rsquo;article depuis sa source.<\/a><\/p>\n","protected":false},"excerpt":{"rendered":"<p>Partages 10 Les agents de police du district de la s\u00fbret\u00e9 nationale de Kasserine, ont r\u00e9ussi \u00e0 identifier et appr\u00e9hender, une jeune fille de 20 ans, qui avait particip\u00e9 au braquage, hier, au cours de la nuit, d\u2019une ambulance relevant de l\u2019h\u00f4pital local de Ha\u00efdra. La jeune fille a \u00e9t\u00e9 reconnue par ses victimes et [&hellip;]<\/p>\n","protected":false},"author":1789,"featured_media":17455,"comment_status":"closed","ping_status":"closed","sticky":false,"template":"","format":"standard","meta":{"fifu_image_url":"","fifu_image_alt":"","footnotes":""},"categories":[73,55],"tags":[],"class_list":["post-17454","post","type-post","status-publish","format-standard","has-post-thumbnail","hentry","category-actualite","category-tunisie"],"_links":{"self":[{"href":"https:\/\/linitiative.ca\/International\/wp-json\/wp\/v2\/posts\/17454","targetHints":{"allow":["GET"]}}],"collection":[{"href":"https:\/\/linitiative.ca\/International\/wp-json\/wp\/v2\/posts"}],"about":[{"href":"https:\/\/linitiative.ca\/International\/wp-json\/wp\/v2\/types\/post"}],"author":[{"embeddable":true,"href":"https:\/\/linitiative.ca\/International\/wp-json\/wp\/v2\/users\/1789"}],"replies":[{"embeddable":true,"href":"https:\/\/linitiative.ca\/International\/wp-json\/wp\/v2\/comments?post=17454"}],"version-history":[{"count":0,"href":"https:\/\/linitiative.ca\/International\/wp-json\/wp\/v2\/posts\/17454\/revisions"}],"wp:featuredmedia":[{"embeddable":true,"href":"https:\/\/linitiative.ca\/International\/wp-json\/"}],"wp:attachment":[{"href":"https:\/\/linitiative.ca\/International\/wp-json\/wp\/v2\/media?parent=17454"}],"wp:term":[{"taxonomy":"category","embeddable":true,"href":"https:\/\/linitiative.ca\/International\/wp-json\/wp\/v2\/categories?post=17454"},{"taxonomy":"post_tag","embeddable":true,"href":"https:\/\/linitiative.ca\/International\/wp-json\/wp\/v2\/tags?post=17454"}],"curies":[{"name":"wp","href":"https:\/\/api.w.org\/{rel}","templated":true}]}}