{"id":17456,"date":"2019-02-25T16:44:35","date_gmt":"2019-02-25T21:44:35","guid":{"rendered":"https:\/\/linitiative.ca\/International\/tunisie-abou-iyadh-tue-au-nord-du-mali-dans-une-attaque-francaise\/"},"modified":"2019-02-25T16:44:35","modified_gmt":"2019-02-25T21:44:35","slug":"tunisie-abou-iyadh-tue-au-nord-du-mali-dans-une-attaque-francaise","status":"publish","type":"post","link":"https:\/\/linitiative.ca\/International\/tunisie-abou-iyadh-tue-au-nord-du-mali-dans-une-attaque-francaise\/","title":{"rendered":"Tunisie \u2013 Abou Iyadh tu\u00e9 au nord du Mali dans une attaque fran\u00e7aise\u00a0?"},"content":{"rendered":"<div class=\"post-cont-in left relative\">\n<div class=\"nc_socialPanel swp_flatFresh swp_d_fullColor swp_i_fullColor swp_o_fullColor scale-100 scale-fullWidth\" data-position=\"none\" data-float=\"floatNone\" data-count=\"5\" data-floatcolor=\"#ffffff\" data-emphasize=\"0\">\n<div class=\"nc_tweetContainer totes totesalt\" data-id=\"6\"><span class=\"swp_count\"><span class=\"swp_label\">Partages<\/span> 16<\/span><\/div>\n<\/div>\n<p>Selon le site d\u2019information \u00ab\u00a0menastream.com\u00a0\u00bb, le terroriste et fondateur d\u2019Ansar Charia\u00e2 de Tunisie, Abou Iyadh, aurait \u00e9t\u00e9 tu\u00e9 lors d\u2019un raid men\u00e9 par les forces fran\u00e7aises, au nord-ouest de Tombouctou, pr\u00e8s des fronti\u00e8res mauritaniennes.<\/p>\n<p>Il est \u00e0 rappeler qu\u2019Abou Iyadh qui avait \u00e9t\u00e9 donn\u00e9 pour mort en 2014, dans un raid am\u00e9ricain sur les positions de son groupe pr\u00e8s d\u2019Ajdabiya en Libye, est r\u00e9apparu lors des fun\u00e9railles d\u2019un de ses compagnons d\u2019armes fin 2014.<\/p>\n<div class=\"code-block code-block-1 c3\"><ins class=\"adsbygoogle c2\" data-ad-layout=\"in-article\" data-ad-format=\"fluid\" data-ad-client=\"ca-pub-2102118777505746\" data-ad-slot=\"7301775417\"\/> <\/div>\n<p>Depuis, il a r\u00e9ussi \u00e0 se faire oublier, si ce n\u2019est l\u2019information de son transfert du sol libyen vers le Mali en 2016.<\/p>\n<div class=\"mvp-org-wrap mvp-org-logo\" itemprop=\"publisher\" itemscope=\"\" itemtype=\"https:\/\/schema.org\/Organization\"><img decoding=\"async\" src=\"https:\/\/www.tunisienumerique.com\/wp-content\/uploads\/2017\/02\/logo_tunisie_numerique.png\"\/><\/div>\n<div class=\"nc_socialPanel swp_flatFresh swp_d_fullColor swp_i_fullColor swp_o_fullColor scale-100 scale-fullWidth\" data-position=\"none\" data-float=\"floatNone\" data-count=\"5\" data-floatcolor=\"#ffffff\" data-emphasize=\"0\">\n<div class=\"nc_tweetContainer totes totesalt\" data-id=\"6\"><span class=\"swp_count\"><span class=\"swp_label\">Partages<\/span> 16<\/span><\/div>\n<\/div>\n<div class=\"mvp-related-posts left relative\">\n<h4 class=\"post-header\"><span class=\"post-header\">Lire aussi<\/span><\/h4>\n<\/div>\n<\/div>\n<p>Auteur: LM<br \/>\n<a href=\"https:\/\/www.tunisienumerique.com\/tunisie-abou-iyadh-tue-au-nord-du-mali-dans-une-attaque-francaise\/\">Cliquez ici pour lire l&rsquo;article depuis sa source.<\/a><\/p>\n","protected":false},"excerpt":{"rendered":"<p>Partages 16 Selon le site d\u2019information \u00ab\u00a0menastream.com\u00a0\u00bb, le terroriste et fondateur d\u2019Ansar Charia\u00e2 de Tunisie, Abou Iyadh, aurait \u00e9t\u00e9 tu\u00e9 lors d\u2019un raid men\u00e9 par les forces fran\u00e7aises, au nord-ouest de Tombouctou, pr\u00e8s des fronti\u00e8res mauritaniennes. Il est \u00e0 rappeler qu\u2019Abou Iyadh qui avait \u00e9t\u00e9 donn\u00e9 pour mort en 2014, dans un raid am\u00e9ricain sur [&hellip;]<\/p>\n","protected":false},"author":1789,"featured_media":17457,"comment_status":"closed","ping_status":"closed","sticky":false,"template":"","format":"standard","meta":{"fifu_image_url":"","fifu_image_alt":"","footnotes":""},"categories":[73,55],"tags":[],"class_list":["post-17456","post","type-post","status-publish","format-standard","has-post-thumbnail","hentry","category-actualite","category-tunisie"],"_links":{"self":[{"href":"https:\/\/linitiative.ca\/International\/wp-json\/wp\/v2\/posts\/17456","targetHints":{"allow":["GET"]}}],"collection":[{"href":"https:\/\/linitiative.ca\/International\/wp-json\/wp\/v2\/posts"}],"about":[{"href":"https:\/\/linitiative.ca\/International\/wp-json\/wp\/v2\/types\/post"}],"author":[{"embeddable":true,"href":"https:\/\/linitiative.ca\/International\/wp-json\/wp\/v2\/users\/1789"}],"replies":[{"embeddable":true,"href":"https:\/\/linitiative.ca\/International\/wp-json\/wp\/v2\/comments?post=17456"}],"version-history":[{"count":0,"href":"https:\/\/linitiative.ca\/International\/wp-json\/wp\/v2\/posts\/17456\/revisions"}],"wp:featuredmedia":[{"embeddable":true,"href":"https:\/\/linitiative.ca\/International\/wp-json\/"}],"wp:attachment":[{"href":"https:\/\/linitiative.ca\/International\/wp-json\/wp\/v2\/media?parent=17456"}],"wp:term":[{"taxonomy":"category","embeddable":true,"href":"https:\/\/linitiative.ca\/International\/wp-json\/wp\/v2\/categories?post=17456"},{"taxonomy":"post_tag","embeddable":true,"href":"https:\/\/linitiative.ca\/International\/wp-json\/wp\/v2\/tags?post=17456"}],"curies":[{"name":"wp","href":"https:\/\/api.w.org\/{rel}","templated":true}]}}