{"id":17462,"date":"2019-02-25T16:25:39","date_gmt":"2019-02-25T21:25:39","guid":{"rendered":"https:\/\/linitiative.ca\/International\/cinema-africain-reflexions-pour-une-transformation-positive-du-7e-art\/"},"modified":"2019-02-25T16:25:39","modified_gmt":"2019-02-25T21:25:39","slug":"cinema-africain-reflexions-pour-une-transformation-positive-du-7e-art","status":"publish","type":"post","link":"https:\/\/linitiative.ca\/International\/cinema-africain-reflexions-pour-une-transformation-positive-du-7e-art\/","title":{"rendered":"Cin\u00e9ma africain: R\u00e9flexions pour une  transformation positive du 7e art"},"content":{"rendered":"<div class=\"td-post-featured-image\" readability=\"35\"><a href=\"https:\/\/i0.wp.com\/www.sidwaya.info\/wp-content\/uploads\/2019\/02\/culture1.jpg?fit=600%2C421&#038;ssl=1\" data-caption=\"Le ministre en charge de la culture, Abdoul Karim Sango, a traduit l\u2019engagement de l\u2019ex\u00e9cutif burkinab\u00e8 \u00e0 mettre en \u0153uvre les conclusions du colloque.\"><img loading=\"lazy\" decoding=\"async\" width=\"600\" height=\"421\" class=\"entry-thumb td-modal-image\" src=\"https:\/\/i0.wp.com\/www.sidwaya.info\/wp-content\/uploads\/2019\/02\/culture1.jpg?resize=600%2C421&#038;ssl=1\" srcset=\"https:\/\/i0.wp.com\/www.sidwaya.info\/wp-content\/uploads\/2019\/02\/culture1.jpg?w=600&#038;ssl=1 600w, https:\/\/i0.wp.com\/www.sidwaya.info\/wp-content\/uploads\/2019\/02\/culture1.jpg?resize=300%2C211&#038;ssl=1 300w, https:\/\/i0.wp.com\/www.sidwaya.info\/wp-content\/uploads\/2019\/02\/culture1.jpg?resize=100%2C70&#038;ssl=1 100w, https:\/\/i0.wp.com\/www.sidwaya.info\/wp-content\/uploads\/2019\/02\/culture1.jpg?resize=599%2C420&#038;ssl=1 599w\" sizes=\"auto, (max-width: 600px) 100vw, 600px\" alt=\"\" title=\"culture1\"\/><\/a>Le ministre en charge de la culture, Abdoul Karim Sango, a traduit l\u2019engagement de l\u2019ex\u00e9cutif burkinab\u00e8 \u00e0 mettre en \u0153uvre les conclusions du colloque.<\/div>\n<div class=\"td-a-rec td-a-rec-id-content_top td_uid_24_5c746cddad913_rand td_block_template_1\"><img loading=\"lazy\" decoding=\"async\" class=\"aligncenter size-full wp-image-4463\" src=\"https:\/\/www.sidwaya.info\/wp-content\/uploads\/2019\/02\/FESPACO-TOUR-2019-Bannie%CC%80re-728x90-1.jpg\" alt=\"\" width=\"728\" height=\"90\"\/><\/div>\n<p><strong>Le ministre de la Culture, des Arts et du Tourisme, Abdoul Karim Sango, a ouvert le colloque du cinquantenaire du Festival panafricain du cin\u00e9ma et de la t\u00e9l\u00e9vision de Ouagadougou (FESPACO), le lundi 25 f\u00e9vrier 2019, \u00e0 Ouagadougou.<\/strong><\/p>\n<p>Apr\u00e8s l\u2019ouverture du Festival panafricain du cin\u00e9ma et de la t\u00e9l\u00e9vision de Ouagadougou (FESPACO), place aux grandes r\u00e9flexions pour un avenir radieux du cin\u00e9ma africain et de la diaspora, avec l\u2019entr\u00e9e en sc\u00e8ne du colloque du cinquantenaire du FESPACO, hier lundi 25 f\u00e9vrier 2019, \u00e0 Ouagadougou.<\/p>\n<p>Ouvert par le ministre de la Culture, des Arts et du Tourisme, Abdoul Karim Sango, ce cadre d\u2019\u00e9changes, selon ses g\u00e9niteurs, veut contribuer \u00e0 une transformation positive du 7e art en Afrique. Pour le coordinateur du colloque, Gaston Kabor\u00e9, il constitue une tribune pour r\u00e9pondre aux grands questionnements de la m\u00e9moire et de l\u2019avenir du cin\u00e9ma africain, dans son essence, son \u00e9conomie et sa diversit\u00e9. La rencontre, a-t-il assur\u00e9, est d\u00e9di\u00e9e \u00e0 tous les festivaliers pour en faire un moment unique, entre autres, de r\u00e9flexions et de construction d\u2019un avenir commun.<\/p>\n<p><img loading=\"lazy\" decoding=\"async\" class=\"size-medium wp-image-4762\" src=\"https:\/\/i2.wp.com\/www.sidwaya.info\/wp-content\/uploads\/2019\/02\/culture2.jpg?resize=300%2C200&#038;ssl=1\" alt=\"\" width=\"300\" height=\"200\" srcset=\"https:\/\/i2.wp.com\/www.sidwaya.info\/wp-content\/uploads\/2019\/02\/culture2.jpg?resize=300%2C200&#038;ssl=1 300w, https:\/\/i2.wp.com\/www.sidwaya.info\/wp-content\/uploads\/2019\/02\/culture2.jpg?w=600&#038;ssl=1 600w\" sizes=\"auto, (max-width: 300px) 100vw, 300px\" data-recalc-dims=\"1\"\/>48 heures durant, les acteurs du 7e art vont se pencher sur les leviers d\u2019une transformation positive du cin\u00e9ma africain.<\/p>\n<p>Le d\u00e9l\u00e9gu\u00e9 g\u00e9n\u00e9ral du FESPACO, Ardiouma Soma, a laiss\u00e9 entendre qu\u2019il compte sur cette r\u00e9union des professionnels et acteurs de cin\u00e9ma pour bien positionner, \u00e0 la fois, le cin\u00e9ma africain et celui de la diaspora, sur les rails des 50 prochaines ann\u00e9es. Le secr\u00e9taire g\u00e9n\u00e9ral de la F\u00e9d\u00e9ration panafricaine des cin\u00e9astes (FEPACI), Cheick Oumar Sissoko a, pour sa part, indiqu\u00e9 que l\u2019Afrique a besoin de ses propres images et t\u00e9moignages sans l\u2019\u0153il ext\u00e9rieur. De son avis, cette initiative permettra aux cin\u00e9astes de d\u00e9velopper des capacit\u00e9s internes pour des productions comp\u00e9titives sur le march\u00e9.<\/p>\n<p>La directrice du d\u00e9partement diversit\u00e9 et d\u00e9veloppement culturels \u00e0 l\u2019Organisation internationale de la francophonie (OIF), a d\u00e9clar\u00e9 que son institution orientera ses programmations en fonction des conclusions du colloque. Et au ministre en charge de la culture, dans le m\u00eame sens, de rassurer l\u2019engagement du gouvernement burkinab\u00e8 \u00e0 mettre en \u0153uvre les recommandations issues du colloque.<\/p>\n<p class=\"c1\"><strong>Boukary BONKOUNGOU<\/strong><\/p>\n<div class=\"td-a-rec td-a-rec-id-content_bottom td_uid_25_5c746cddada69_rand td_block_template_1\"><img loading=\"lazy\" decoding=\"async\" class=\"alignright size-full wp-image-1724\" src=\"https:\/\/www.sidwaya.info\/wp-content\/uploads\/2018\/12\/sidwaya-pub.jpg\" alt=\"\" width=\"720\" height=\"90\"\/><\/div>\n<p>Auteur: JK. Sidwaya<br \/>\n<a href=\"https:\/\/www.sidwaya.info\/blog\/2019\/02\/25\/cinema-africain-reflexions-pour-une-transformation-positive-du-7e-art\/\">Cliquez ici pour lire l&rsquo;article depuis sa source.<\/a><\/p>\n","protected":false},"excerpt":{"rendered":"<p>Le ministre en charge de la culture, Abdoul Karim Sango, a traduit l\u2019engagement de l\u2019ex\u00e9cutif burkinab\u00e8 \u00e0 mettre en \u0153uvre les conclusions du colloque. Le ministre de la Culture, des Arts et du Tourisme, Abdoul Karim Sango, a ouvert le colloque du cinquantenaire du Festival panafricain du cin\u00e9ma et de la t\u00e9l\u00e9vision de Ouagadougou (FESPACO), [&hellip;]<\/p>\n","protected":false},"author":1816,"featured_media":0,"comment_status":"closed","ping_status":"closed","sticky":false,"template":"","format":"standard","meta":{"fifu_image_url":"","fifu_image_alt":"","footnotes":""},"categories":[73,81],"tags":[],"class_list":["post-17462","post","type-post","status-publish","format-standard","hentry","category-actualite","category-burkina-faso"],"_links":{"self":[{"href":"https:\/\/linitiative.ca\/International\/wp-json\/wp\/v2\/posts\/17462","targetHints":{"allow":["GET"]}}],"collection":[{"href":"https:\/\/linitiative.ca\/International\/wp-json\/wp\/v2\/posts"}],"about":[{"href":"https:\/\/linitiative.ca\/International\/wp-json\/wp\/v2\/types\/post"}],"author":[{"embeddable":true,"href":"https:\/\/linitiative.ca\/International\/wp-json\/wp\/v2\/users\/1816"}],"replies":[{"embeddable":true,"href":"https:\/\/linitiative.ca\/International\/wp-json\/wp\/v2\/comments?post=17462"}],"version-history":[{"count":0,"href":"https:\/\/linitiative.ca\/International\/wp-json\/wp\/v2\/posts\/17462\/revisions"}],"wp:attachment":[{"href":"https:\/\/linitiative.ca\/International\/wp-json\/wp\/v2\/media?parent=17462"}],"wp:term":[{"taxonomy":"category","embeddable":true,"href":"https:\/\/linitiative.ca\/International\/wp-json\/wp\/v2\/categories?post=17462"},{"taxonomy":"post_tag","embeddable":true,"href":"https:\/\/linitiative.ca\/International\/wp-json\/wp\/v2\/tags?post=17462"}],"curies":[{"name":"wp","href":"https:\/\/api.w.org\/{rel}","templated":true}]}}