{"id":17465,"date":"2019-02-25T16:45:10","date_gmt":"2019-02-25T21:45:10","guid":{"rendered":"https:\/\/linitiative.ca\/International\/changements-climatiques-un-sommet-pour-laction-a-niamey\/"},"modified":"2019-02-25T16:45:10","modified_gmt":"2019-02-25T21:45:10","slug":"changements-climatiques-un-sommet-pour-laction-a-niamey","status":"publish","type":"post","link":"https:\/\/linitiative.ca\/International\/changements-climatiques-un-sommet-pour-laction-a-niamey\/","title":{"rendered":"Changements climatiques:  Un sommet pour l\u2019action \u00e0 Niamey"},"content":{"rendered":"<div class=\"td-post-featured-image\" readability=\"34\"><a href=\"https:\/\/i2.wp.com\/www.sidwaya.info\/wp-content\/uploads\/2019\/02\/niamey1.jpg?fit=600%2C400&#038;ssl=1\" data-caption=\"Le Pr\u00e9sident du Faso, Roch Marc Christian Kabor\u00e9, a fait le d\u00e9placement de Niamey.\"><img loading=\"lazy\" decoding=\"async\" width=\"600\" height=\"400\" class=\"entry-thumb td-modal-image\" src=\"https:\/\/i2.wp.com\/www.sidwaya.info\/wp-content\/uploads\/2019\/02\/niamey1.jpg?resize=600%2C400&#038;ssl=1\" srcset=\"https:\/\/i2.wp.com\/www.sidwaya.info\/wp-content\/uploads\/2019\/02\/niamey1.jpg?w=600&#038;ssl=1 600w, https:\/\/i2.wp.com\/www.sidwaya.info\/wp-content\/uploads\/2019\/02\/niamey1.jpg?resize=300%2C200&#038;ssl=1 300w\" sizes=\"auto, (max-width: 600px) 100vw, 600px\" alt=\"\" title=\"niamey1\"\/><\/a>Le Pr\u00e9sident du Faso, Roch Marc Christian Kabor\u00e9, a fait le d\u00e9placement de Niamey.<\/div>\n<div class=\"td-a-rec td-a-rec-id-content_top td_uid_24_5c746ce6ed286_rand td_block_template_1\"><img loading=\"lazy\" decoding=\"async\" class=\"aligncenter size-full wp-image-4463\" src=\"https:\/\/www.sidwaya.info\/wp-content\/uploads\/2019\/02\/FESPACO-TOUR-2019-Bannie%CC%80re-728x90-1.jpg\" alt=\"\" width=\"728\" height=\"90\"\/><\/div>\n<p><strong>Le Pr\u00e9sident du Faso, Roch Marc Christian Kabor\u00e9, a pris part hier lundi 25 f\u00e9vrier 2019 \u00e0 Niamey, \u00e0 la premi\u00e8re conf\u00e9rence des chefs d\u2019Etat et de gouvernement de la Commission climat pour la r\u00e9gion du Sahel.<\/strong><\/p>\n<p>Trois autres chefs d\u2019Etat du continent, Alpha Cond\u00e9 de Guin\u00e9e, Idriss Deby Itno du Tchad et Denis Sassou N\u2019Guesso du Congo, ont aussi fait le d\u00e9placement de Niamey, une participation qui \u00abt\u00e9moigne de notre convergence de vues sur les enjeux climatiques\u00bb, selon Mahamadou Issoufou, le pr\u00e9sident du Niger et h\u00f4te de la conf\u00e9rence. Cette conf\u00e9rence a d\u2019abord l\u2019ambition de r\u00e9pondre \u00e0 l\u2019urgence climatique au Sahel.<\/p>\n<p>Le d\u00e9r\u00e8glement climatique dans cette r\u00e9gion de l\u2019Afrique, qui s\u2019\u00e9tend de la c\u00f4te Atlantique du S\u00e9n\u00e9gal jusqu\u2019\u00e0 Djibouti au bord de la Mer rouge, est r\u00e9el. Les effets induits des fortes variabilit\u00e9s climatiques se mesurent en termes de d\u00e9gradation des terres, de manque de p\u00e2turage, d\u2019ins\u00e9curit\u00e9 alimentaire pour des millions de personnes.<\/p>\n<p>C\u2019est le constat \u00e9tabli par les participants \u00e0 la conf\u00e9rence. Le chef de l\u2019Etat nig\u00e9rien, pr\u00e9sident de la Commission climat pour la r\u00e9gion du Sahel, a affirm\u00e9 avec force qu\u2019il existe un lien entre changements climatiques et terrorisme. Il explique alors que la naissance et le d\u00e9veloppement de Boko Haram est l\u2019une des cons\u00e9quences de la variabilit\u00e9 climatique dans les pays du bassin du Lac Tchad.<\/p>\n<p><img loading=\"lazy\" decoding=\"async\" class=\"size-medium wp-image-4774\" src=\"https:\/\/i2.wp.com\/www.sidwaya.info\/wp-content\/uploads\/2019\/02\/niamey2.jpg?resize=300%2C200&#038;ssl=1\" alt=\"\" width=\"300\" height=\"200\" srcset=\"https:\/\/i2.wp.com\/www.sidwaya.info\/wp-content\/uploads\/2019\/02\/niamey2.jpg?resize=300%2C200&#038;ssl=1 300w, https:\/\/i2.wp.com\/www.sidwaya.info\/wp-content\/uploads\/2019\/02\/niamey2.jpg?w=600&#038;ssl=1 600w\" sizes=\"auto, (max-width: 300px) 100vw, 300px\" data-recalc-dims=\"1\"\/>Le chef de l\u2019Etat nig\u00e9rien, par ailleurs pr\u00e9sident de la Commission climat pour la r\u00e9gion du Sahel, a affirm\u00e9 qu\u2019il existe un lien entre changements climatiques et terrorisme.<\/p>\n<p>Mahamadou Issoufou a \u00e9galement tir\u00e9 sur la sonnette d\u2019alarme, les r\u00e9fugi\u00e9s climatiques, en indiquant que la majorit\u00e9 des 250 millions de migrants attendus \u00e0 l\u2019horizon 2030 seront des Sah\u00e9liens. Et pourtant l\u2019Afrique n\u2019est pas responsable des changements climatiques, encore moins les pays du Sahel, ce qu\u2019a reconnu Fran\u00e7ois de Rugy, Ministre d\u2019Etat, ministre de la Transition \u00e9cologique et solidaire de France, car le continent n\u2019est responsable que pour l\u2019\u00e9mission de seulement 4% des gaz \u00e0 effet de serre.<\/p>\n<p>En d\u00e9pit de ce tableau inqui\u00e9tant, les dirigeants du continent restent optimistes, et ils l\u2019ont signifi\u00e9 \u00e0 Niamey. Ils conviennent avec leur homologue du Niger que le Sahel constitue une terre d\u2019opportunit\u00e9. L\u2019agro\u00e9cologie est pr\u00e9sent\u00e9e comme une alternative pour la pr\u00e9servation de l\u2019environnement et la cr\u00e9ation d\u2019emplois.<\/p>\n<p>Il s\u2019agira aussi d\u2019op\u00e9rer \u00abun saut historique pour entrer dans la 3\u00e8me r\u00e9volution industrielle\u00bb. \u00abNos pays doivent mettre l\u2019accent sur l\u2019adaptation\u00bb a indiqu\u00e9 l\u2019h\u00f4te de la conf\u00e9rence. Invit\u00e9 \u00e0 la conf\u00e9rence en sa qualit\u00e9 de pr\u00e9sident de la Commission climat pour la r\u00e9gion du bassin du Congo, le pr\u00e9sident Denis Sassou N\u2019Guesso du Congo a souhait\u00e9 que l\u2019Afrique \u00abacc\u00e9l\u00e8re davantage nos r\u00e9ponses face au d\u00e9r\u00e8glement climatique\u00bb.<\/p>\n<p>Il a \u00e9galement lanc\u00e9 un appel \u00e0 un soutien ad\u00e9quat pour le financement de cette r\u00e9volution verte. Ce sommet porte les espoirs de 500 millions de personnes, a d\u00e9clar\u00e9 pour sa part le repr\u00e9sentant de la Banque Africaine de d\u00e9veloppement. La jeunesse africaine nous engage \u00e0 \u00abemprunter le chemin des possibles\u00bb, a soutenu le Roi du Maroc dans une d\u00e9claration livr\u00e9e aux participants.<\/p>\n<p>Des jeunes engag\u00e9s justement dans le combat pour une plus forte r\u00e9silience face aux changements climatiques ont aussi fait entendre leur voix, en invitant les chefs d\u2019Etat et de gouvernement \u00e0 agir. Le pr\u00e9sident du Faso et ses pairs, entendent faire de la conf\u00e9rence de Niamey la rampe de lancement pour l\u2019\u00e9mergence d\u2019un Sahel plus r\u00e9silient. Roch Marc Christian Kabor\u00e9 a regagn\u00e9 Ouagadougou en d\u00e9but d\u2019apr\u00e8s-midi.<\/p>\n<p class=\"c1\"><strong>Direction de la communication de la pr\u00e9sidence du Faso<\/strong><\/p>\n<div class=\"td-a-rec td-a-rec-id-content_bottom td_uid_25_5c746ce6ed4c0_rand td_block_template_1\"><img loading=\"lazy\" decoding=\"async\" class=\"alignright size-full wp-image-1724\" src=\"https:\/\/www.sidwaya.info\/wp-content\/uploads\/2018\/12\/sidwaya-pub.jpg\" alt=\"\" width=\"720\" height=\"90\"\/><\/div>\n<p>Auteur: JK. Sidwaya<br \/>\n<a href=\"https:\/\/www.sidwaya.info\/blog\/2019\/02\/25\/changements-climatiques-un-sommet-pour-laction-a-niamey\/\">Cliquez ici pour lire l&rsquo;article depuis sa source.<\/a><\/p>\n","protected":false},"excerpt":{"rendered":"<p>Le Pr\u00e9sident du Faso, Roch Marc Christian Kabor\u00e9, a fait le d\u00e9placement de Niamey. Le Pr\u00e9sident du Faso, Roch Marc Christian Kabor\u00e9, a pris part hier lundi 25 f\u00e9vrier 2019 \u00e0 Niamey, \u00e0 la premi\u00e8re conf\u00e9rence des chefs d\u2019Etat et de gouvernement de la Commission climat pour la r\u00e9gion du Sahel. Trois autres chefs d\u2019Etat [&hellip;]<\/p>\n","protected":false},"author":1816,"featured_media":0,"comment_status":"closed","ping_status":"closed","sticky":false,"template":"","format":"standard","meta":{"fifu_image_url":"","fifu_image_alt":"","footnotes":""},"categories":[73,81],"tags":[],"class_list":["post-17465","post","type-post","status-publish","format-standard","hentry","category-actualite","category-burkina-faso"],"_links":{"self":[{"href":"https:\/\/linitiative.ca\/International\/wp-json\/wp\/v2\/posts\/17465","targetHints":{"allow":["GET"]}}],"collection":[{"href":"https:\/\/linitiative.ca\/International\/wp-json\/wp\/v2\/posts"}],"about":[{"href":"https:\/\/linitiative.ca\/International\/wp-json\/wp\/v2\/types\/post"}],"author":[{"embeddable":true,"href":"https:\/\/linitiative.ca\/International\/wp-json\/wp\/v2\/users\/1816"}],"replies":[{"embeddable":true,"href":"https:\/\/linitiative.ca\/International\/wp-json\/wp\/v2\/comments?post=17465"}],"version-history":[{"count":0,"href":"https:\/\/linitiative.ca\/International\/wp-json\/wp\/v2\/posts\/17465\/revisions"}],"wp:attachment":[{"href":"https:\/\/linitiative.ca\/International\/wp-json\/wp\/v2\/media?parent=17465"}],"wp:term":[{"taxonomy":"category","embeddable":true,"href":"https:\/\/linitiative.ca\/International\/wp-json\/wp\/v2\/categories?post=17465"},{"taxonomy":"post_tag","embeddable":true,"href":"https:\/\/linitiative.ca\/International\/wp-json\/wp\/v2\/tags?post=17465"}],"curies":[{"name":"wp","href":"https:\/\/api.w.org\/{rel}","templated":true}]}}