{"id":17481,"date":"2019-02-25T17:50:01","date_gmt":"2019-02-25T22:50:01","guid":{"rendered":"https:\/\/linitiative.ca\/International\/le-ministre-des-affaires-etrangeres-iranien-annonce-sa-demission\/"},"modified":"2019-02-25T17:50:01","modified_gmt":"2019-02-25T22:50:01","slug":"le-ministre-des-affaires-etrangeres-iranien-annonce-sa-demission","status":"publish","type":"post","link":"https:\/\/linitiative.ca\/International\/le-ministre-des-affaires-etrangeres-iranien-annonce-sa-demission\/","title":{"rendered":"Le ministre des Affaires \u00e9trang\u00e8res iranien annonce sa d\u00e9mission"},"content":{"rendered":"<div readability=\"32\">\n<p>Publi\u00e9 le 25.02.2019 \u00e0 23h50 par AFP<\/p>\n<\/div>\n<div readability=\"135\">\n<p>Le ministre des Affaires \u00e9trang\u00e8res iranien Mohammad Javad Zarif, cheville ouvri\u00e8re de l\u2019accord international sur le nucl\u00e9aire iranien de 2015, a annonc\u00e9 lundi soir sa d\u00e9mission, qui doit encore \u00eatre accept\u00e9e par le pr\u00e9sident iranien Hassan Rohani.<\/p>\n<p>\u00ab\u00a0Je m\u2019excuse de ne plus \u00eatre capable de continuer \u00e0 mon poste et pour tous mes manquements dans l\u2019exercice de mes fonctions\u00a0\u00bb, a \u00e9crit M. Zarif sur son compte Instagram.<\/p>\n<p>La d\u00e9mission de M. Zarif a \u00e9t\u00e9 confirm\u00e9e aupr\u00e8s de l\u2019AFP de source officielle iranienne.<\/p>\n<p>Mahmoud Va\u00e9zi, directeur de cabinet de M. Rohani a cependant \u00ab\u00a0fermement d\u00e9menti\u00a0\u00bb sur Twitter que le pr\u00e9sident ait d\u00e9j\u00e0 accept\u00e9 cette d\u00e9mission.<\/p>\n<p>Ag\u00e9 de 59 ans, M. Zarif a dirig\u00e9 la diplomatie iranienne pendant tout le premier mandat de M. Rohani (2013-2017) et a \u00e9t\u00e9 reconduit \u00e0 ce poste apr\u00e8s la r\u00e9\u00e9lection du pr\u00e9sident, qui fait figure de mod\u00e9r\u00e9 en Iran.<\/p>\n<p>\u00ab\u00a0Je suis extr\u00eamement reconnaissant au peuple iranien et \u00e0 ses dirigeants respect\u00e9s pour la magnanimit\u00e9 dont ils ont fait preuve pendant 76 mois\u00a0\u00bb, ajoute M. Zarif dans son message sur Instagram.<\/p>\n<p>M. Zarif a \u00e9t\u00e9 le n\u00e9gociateur en chef, c\u00f4t\u00e9 iranien, de l\u2019accord conclu \u00e0 Vienne en juillet 2015 entre la R\u00e9publique islamique et le Groupe 5+1 (Chine, Etats-Unis, France, Grande-Bretagne, Russie et Allemagne) pour mettre fin \u00e0 12 ans de crise autour de la question nucl\u00e9aire iranienne.<\/p>\n<p>B\u00eate noire des ultraconservateurs iraniens, il a vu ces derniers mois les critiques s\u2019intensifier contre lui apr\u00e8s la d\u00e9cision du pr\u00e9sident am\u00e9ricain Donald Trump de retirer unilat\u00e9ralement son pays de ce pacte en mai 2018.<\/p>\n<p>\u2013 Visite syrienne \u2013<\/p>\n<p>L\u2019annonce de la d\u00e9mission de M. Zarif survient au soir d\u2019une visite surprise \u00e0 T\u00e9h\u00e9ran du pr\u00e9sident syrien Bachar al-Assad, qui s\u2019est entretenu avec le guide supr\u00eame iranien, l\u2019ayatollah Ali Khamenei, et M. Rohani.<\/p>\n<p><ins data-revive-zoneid=\"9\" data-revive-id=\"10111e19d28d19d031742ee3b0b33eb0\"\/> <\/p>\n<p>Selon l\u2019agence Isna, il n\u2019\u00e9tait pr\u00e9sent \u00e0 aucune de ces deux entrevues.<\/p>\n<p>D\u00e9fenseur inlassable de l\u2019accord de 2015, m\u00eame apr\u00e8s le retrait am\u00e9ricain, M. Zarif a crois\u00e9 le fer \u00e0 de nombreuses reprises avec ses adversaires politiques depuis mai 2018.<\/p>\n<p>Diplomate exp\u00e9riment\u00e9, M. Zarif a pass\u00e9 une grande partie de sa vie aux \u00c9tats-Unis, ce qui le rend hautement suspect aux yeux des ultraconservateurs.<\/p>\n<p>Durant les n\u00e9gociations avant l\u2019accord de Vienne il a rencontr\u00e9 \u00e0 de multiples reprises son homologue am\u00e9ricain de l\u2019\u00e9poque John Kerry, tissant des relations personnelles et cordiales avec le repr\u00e9sentant du \u00ab\u00a0grand Satan\u00a0\u00bb am\u00e9ricain.<\/p>\n<p>Dimanche, il avait r\u00e9agi \u00e0 la d\u00e9cision du Groupe d\u2019action financi\u00e8re (Gafi) d\u2019accorder un ultime d\u00e9lai \u00e0 l\u2019Iran pour que le pays se conforme d\u2019ici \u00e0 juin aux crit\u00e8res internationaux contre le blanchiment d\u2019argent et le financement du terrorisme, sous peine de sanctions.<\/p>\n<p>L\u2019adoption des mesures l\u00e9gislatives auxquelles le gouvernement iranien s\u2019est engag\u00e9e vis-\u00e0-vis du Gafi (organisme qui coordonne les efforts internationaux en mati\u00e8re de lutte contre le blanchiment et le financement du terrorisme) fait l\u2019objet d\u2019un bras de fer entre le gouvernement et le parlement d\u2019un c\u00f4t\u00e9, et des organes de contr\u00f4le du syst\u00e8me politique iranien, o\u00f9 dominent les ultraconservateurs.<\/p>\n<p>Cit\u00e9 par l\u2019agence Isna et faisant r\u00e9f\u00e9rence aux membres d\u2019un de ces organes, le Conseil de discernement, M. Zarif a d\u00e9clar\u00e9 dimanche : \u00ab\u00a0Il faut que nos amis observent et prennent leurs d\u00e9cisions en fonction des r\u00e9alit\u00e9s. Jusqu\u2019\u00e0 pr\u00e9sent, ils affirmaient que rien n\u2019allait se passer, maintenant ils voient la r\u00e9alit\u00e9 de la situation\u00a0\u00bb. \u00ab\u00a0De toute fa\u00e7on, nous nous soumettrons \u00e0 la d\u00e9cision qu\u2019ils prendront, mais il faut qu\u2019ils connaissent les cons\u00e9quences de leur d\u00e9cision\u00a0\u00bb, avait ajout\u00e9 M. Zarif.<\/p>\n<p>L\u2019adoption des mesures demand\u00e9es par le Gafi est l\u2019une des conditions pos\u00e9es par les Europ\u00e9ens pour la mise en place effective du syst\u00e8me de troc imagin\u00e9 par l\u2019Union europ\u00e9enne pour permettre \u00e0 l\u2019Iran de continuer \u00e0 commercer avec les pays europ\u00e9ens en contournant les sanctions \u00e9conomiques r\u00e9impos\u00e9es par Washington apr\u00e8s le retrait am\u00e9ricain de l\u2019accord nucl\u00e9aire.<\/p>\n<p>Quelques jours apr\u00e8s l\u2019annonce de ce syst\u00e8me de troc, M. Khamenei, qui a le dernier mot sur toutes les d\u00e9cisions de politique \u00e9trang\u00e8re de la R\u00e9publique islamique, avait mis en garde en affirmant qu\u2019on \u00ab\u00a0ne devrait pas [faire] confiance\u00a0\u00bb aux Europ\u00e9ens.<\/p>\n<\/div>\n<p>Auteur: AFP<br \/>\n<a href=\"https:\/\/www.journalducameroun.com\/le-ministre-des-affaires-etrangeres-iranien-annonce-sa-demission\/\">Cliquez ici pour lire l&rsquo;article depuis sa source.<\/a><\/p>\n","protected":false},"excerpt":{"rendered":"<p>Publi\u00e9 le 25.02.2019 \u00e0 23h50 par AFP Le ministre des Affaires \u00e9trang\u00e8res iranien Mohammad Javad Zarif, cheville ouvri\u00e8re de l\u2019accord international sur le nucl\u00e9aire iranien de 2015, a annonc\u00e9 lundi soir sa d\u00e9mission, qui doit encore \u00eatre accept\u00e9e par le pr\u00e9sident iranien Hassan Rohani. \u00ab\u00a0Je m\u2019excuse de ne plus \u00eatre capable de continuer \u00e0 mon [&hellip;]<\/p>\n","protected":false},"author":1965,"featured_media":0,"comment_status":"closed","ping_status":"closed","sticky":false,"template":"","format":"standard","meta":{"fifu_image_url":"","fifu_image_alt":"","footnotes":""},"categories":[73,82],"tags":[],"class_list":["post-17481","post","type-post","status-publish","format-standard","hentry","category-actualite","category-cameroun"],"_links":{"self":[{"href":"https:\/\/linitiative.ca\/International\/wp-json\/wp\/v2\/posts\/17481","targetHints":{"allow":["GET"]}}],"collection":[{"href":"https:\/\/linitiative.ca\/International\/wp-json\/wp\/v2\/posts"}],"about":[{"href":"https:\/\/linitiative.ca\/International\/wp-json\/wp\/v2\/types\/post"}],"author":[{"embeddable":true,"href":"https:\/\/linitiative.ca\/International\/wp-json\/wp\/v2\/users\/1965"}],"replies":[{"embeddable":true,"href":"https:\/\/linitiative.ca\/International\/wp-json\/wp\/v2\/comments?post=17481"}],"version-history":[{"count":0,"href":"https:\/\/linitiative.ca\/International\/wp-json\/wp\/v2\/posts\/17481\/revisions"}],"wp:attachment":[{"href":"https:\/\/linitiative.ca\/International\/wp-json\/wp\/v2\/media?parent=17481"}],"wp:term":[{"taxonomy":"category","embeddable":true,"href":"https:\/\/linitiative.ca\/International\/wp-json\/wp\/v2\/categories?post=17481"},{"taxonomy":"post_tag","embeddable":true,"href":"https:\/\/linitiative.ca\/International\/wp-json\/wp\/v2\/tags?post=17481"}],"curies":[{"name":"wp","href":"https:\/\/api.w.org\/{rel}","templated":true}]}}