{"id":17487,"date":"2019-02-26T03:29:45","date_gmt":"2019-02-26T08:29:45","guid":{"rendered":"https:\/\/linitiative.ca\/International\/jean-claude-ngbwa-le-president-de-la-commission-des-marches-financier-au-chomage\/"},"modified":"2019-02-26T03:29:45","modified_gmt":"2019-02-26T08:29:45","slug":"jean-claude-ngbwa-le-president-de-la-commission-des-marches-financier-au-chomage","status":"publish","type":"post","link":"https:\/\/linitiative.ca\/International\/jean-claude-ngbwa-le-president-de-la-commission-des-marches-financier-au-chomage\/","title":{"rendered":"Jean Claude Ngbwa, le pr\u00e9sident de la Commission des March\u00e9s Financier au ch\u00f4mage?"},"content":{"rendered":"<p>La Commission des march\u00e9s financiers (<strong>CMF<\/strong>) bas\u00e9e \u00e0 Douala a d\u00e9finitivement \u00e9t\u00e9 absorb\u00e9e par la Commission de surveillance du march\u00e9 financier de l\u2019Afrique centrale (<strong>Cosumaf<\/strong>) dont le si\u00e8ge est \u00e0 Libreville, au Gabon. Ceci dans le cadre de la fusion du march\u00e9 boursier de la sous-r\u00e9gion Cemac. Les derni\u00e8res nouvelles font \u00e9tat de ce que, qu\u2019une partie du personnel de la CMF \u00e0 Douala a \u00e9t\u00e9 remerci\u00e9e. Quelques cadres Camerounais seulement ont \u00e9t\u00e9 retenus pour \u00eatre incorpor\u00e9s dans l\u2019\u00e9quipe de la Cosumaf new-look, \u00e0 Libreville.<\/p>\n<p>M\u00eame le pr\u00e9sident de la CMF, <strong>Jean Claude Ngbwa<\/strong>, n\u2019a pas \u00e9t\u00e9 retenu dans la nouvelle configuration de la Cosumaf. C\u2019est plut\u00f4t le Tchadien <strong>Nagoum Yamassoum<\/strong>, nomm\u00e9 lors de la conf\u00e9rence des Chefs d\u2019Etat de N\u2019Djamena le 31 octobre 2017, pour un mandat de 5 ans, qui va pr\u00e9sider seul l\u2019organisme en charge de la surveillance de la bourse sous r\u00e9gionale. Que s\u2019est-il pass\u00e9? Jean Claude Ngbwa a-t-il \u00e9t\u00e9 limog\u00e9\u00a0?<\/p>\n<hr\/>\n<h4><strong>>> Lire aussi \u2013 <a title=\"Int\u00e9gration sous-r\u00e9gionale: inqui\u00e9tudes autour de l\u2019avenir de la Commission des march\u00e9s financiers du Cameroun\" href=\"https:\/\/ecomatin.net\/integration-sous-regionale-inquietudes-autour-de-lavenir-de-la-commission-des-marches-financiers-du-cameroun\/\" target=\"_blank\" rel=\"noopener\">Int\u00e9gration sous-r\u00e9gionale: inqui\u00e9tudes autour de l\u2019avenir de la Commission des march\u00e9s financiers du Cameroun<\/a><br \/><\/strong><\/h4>\n<hr\/>\n<p>Une source qui a suivi le processus de fusion r\u00e9pond\u00a0: \u00ab\u00a0<em>Ce n\u2019est pas exactement cela. Le Pr\u00e9sident de la nouvelle Cosumaf (ancienne Cosumaf issue de la fusion des march\u00e9s d\u2019Afrique Centrale) avait \u00e9t\u00e9 nomm\u00e9 lors de la conf\u00e9rence des Chefs d\u2019Etat de N\u2019Djamena le 31 octobre. Pour un mandat de 5 ans. C\u2019est une pr\u00e9sidence tournante. Dans le sch\u00e9ma cible de la nouvelle Cosumaf, l\u2019id\u00e9e d\u2019un poste de Vice-pr\u00e9sident ou de CEO qui reviendrait au Cameroun et qu\u2019aurait pu occuper logiquement le Pr\u00e9sident de la CMF, ou alors que la CMF soit une antenne nationale de la nouvelle Cosumaf\u2026cette id\u00e9e n\u2019a pas prosp\u00e9r\u00e9<\/em>\u00a0\u00bb.<\/p>\n<blockquote readability=\"6\">\n<p>ans le d\u00e9tail, il y a eu des \u00e9missions pour <strong>180 milliards FCFA<\/strong> en 2016<\/p>\n<\/blockquote>\n<p>Notre source regrette tout de m\u00eame\u00a0: \u00ab\u00a0<em>Le Pr\u00e9sident de la CMF a \u00e9t\u00e9 nomm\u00e9 par d\u00e9cret pr\u00e9sidentiel pour 5 ans. Il n\u2019aura consomm\u00e9 que 3 ans \u00e0 peine. Avec les r\u00e9sultats impressionnants que l\u2019on sait.<\/em>\u00a0\u00bb Une autre source indique qu\u2019en principe la CMF aurait d\u00fb s\u2019en tirer avec des postes importants car, c\u2019est le principal march\u00e9 dans la zone Cemac. A preuve, entre 2016 et 2018 il y a eu des \u00e9missions obligataires pour un montant de <strong>446 milliards FCFA.<\/strong> Dans le d\u00e9tail, il y a eu des \u00e9missions pour <strong>180 milliards FCFA<\/strong> en 2016. Ces \u00e9missions \u00e9taient de <strong>10 milliards FCFA<\/strong> en 2017. En 2018, se f\u00e9licite la CMF, un montant final de 200 milliards FCFA a \u00e9t\u00e9 lev\u00e9 aupr\u00e8s des \u00e9pargnants \u00e0 travers l\u2019emprunt obligataire \u00ab <em>ECMR 5,6% Net 2018-2023<\/em> \u00bb. \u00ab<em>Cela d\u00e9montre la vitalit\u00e9 et l\u2019app\u00e9tence des investisseurs du march\u00e9 financier du Cameroun<\/em>.\u00bb, commente le r\u00e9gulateur.<\/p>\n<p>C\u2019est le 31 octobre 2017 que les Chefs d\u2019\u00c9tat de la Cemac avaient d\u00e9cid\u00e9 de l\u2019unification des march\u00e9s financiers d\u2019Afrique Centrale. L\u2019acte additionnel y relatif \u00e0 mandat\u00e9 la <strong>Beac<\/strong> pour conduire la fusion (r\u00e9gulateurs, bourses, d\u00e9positaires centraux, banques de r\u00e8glement) au plus tard le 30 juin 2019. Les r\u00e9gulateurs (CMF et Consumaf) seront les premiers \u00e0 mat\u00e9rialiser leur fusion physique d\u00e8s la fin de ce mois de f\u00e9vrier 2019. Le d\u00e9lai initial \u00e9tait le 30 novembre 2018.<\/p>\n<p>Dans le cadre de la fusion des bourses de Libreville et de Douala, le pr\u00e9sident de la Commission de surveillance du march\u00e9 financier de l\u2019Afrique centrale, Nagoum Yamassoum, et son homologue de la Commission des march\u00e9s financiers du Cameroun, Jean Claude Ngbwa, ont sign\u00e9 le 11 avril 2018, au Congo, une convention de coop\u00e9ration et d\u2019\u00e9changes d\u2019informations.<\/p>\n<p>Ainsi, pendant la phase transitoire qui ne devra pas exc\u00e9der la date du 30 juin 2019, la Cosumaf et la CMF s\u2019obligent \u00e0 se transmettre, recevoir ou \u00e9changer toutes les informations et la documentation jug\u00e9es utiles \u00e0 l\u2019exercice de leurs missions respectives, en mati\u00e8re de d\u00e9livrance de visas et d\u2019agr\u00e9ments, de contr\u00f4le ou de surveillance des op\u00e9rations et des entit\u00e9s assujetties.<\/p>\n<p class=\"yiv8081683972msonormal c3\"><strong><span class=\"c2\">La mainmise tchadienne dans le secteur financier<\/span><\/strong><\/p>\n<p>C\u2019est une curiosit\u00e9 qui ne passe pas inaper\u00e7ue. Le Tchad occupe en ce moment tous les postes d\u00e9cisifs qui concernent la finance. A commencer par la Cosumaf. Nouveau Pr\u00e9sident de la Cosumaf, <strong>Nagoum Yamassoum<\/strong> a \u00e9t\u00e9 officiellement install\u00e9 au poste de Pr\u00e9sident le 15 d\u00e9cembre 2017 \u00e0 Libreville par le pr\u00e9sident en exercice du Comit\u00e9 minist\u00e9riel de l\u2019Union mon\u00e9taire de l\u2019Afrique centrale (<strong>Umac<\/strong>), <strong>Calixte Nganongo<\/strong>.<\/p>\n<p>La c\u00e9r\u00e9monie d\u2019installation a vu la participation de plusieurs autorit\u00e9s r\u00e9gionales, notamment, le ministre de l\u2019\u00c9conomie, de la Prospective et du D\u00e9veloppement Durable du Gabon, le ministre des finances de la Guin\u00e9e Equatoriale, le Secr\u00e9taire G\u00e9n\u00e9ral de la BEAC, le Pr\u00e9sident de la Commission CEMAC et son Vice-Pr\u00e9sident, le Maire de Libreville ainsi que plusieurs dirigeants d\u2019institutions r\u00e9gionales et des Repr\u00e9sentants des bailleurs de fonds multilat\u00e9raux.<\/p>\n<p>Nomm\u00e9 le 31 octobre 2017 par la Conf\u00e9rence des Chefs d\u2019Etat de la Cemac pour un mandat de cinq ans non renouvelable, le nouveau Pr\u00e9sident de la Cosumaf, de nationalit\u00e9 tchadienne, remplace l\u2019Equato-guin\u00e9en <strong>Rafael Tung Nsue<\/strong>, dont le mandat de cinq ans est arriv\u00e9 \u00e0 son terme.<\/p>\n<hr\/>\n<h4><strong>>> Lire aussi \u2013 <a title=\"Institution mon\u00e9taire: comment Yaound\u00e9 perd le Fonds mon\u00e9taire Africain\" href=\"https:\/\/ecomatin.net\/institution-monetaire-comment-yaounde-perd-le-fonds-monetaire-africain\/\" target=\"_blank\" rel=\"noopener\">Institution mon\u00e9taire: comment Yaound\u00e9 perd le Fonds mon\u00e9taire Africain<\/a><br \/><\/strong><\/h4>\n<hr\/>\n<p>Au niveau de la Banque centrale, c\u2019est un autre Tchadien. <strong>Abbas Mahamat Tolli<\/strong>, et l\u2019ensemble du gouvernement de cette institution bancaire ont \u00e9t\u00e9 officiellement install\u00e9s dans leurs fonctions, vendredi 31 mars 2017, \u00e0 Yaound\u00e9 (Cameroun), si\u00e8ge de cette institution par le Pr\u00e9sident en exercice du Comit\u00e9 minist\u00e9riel de l\u2019Union mon\u00e9taire de l\u2019Afrique Centrale, <strong>Calixte Nganongo<\/strong>, ministre congolais des Finances, du Budget et du portefeuille public.<\/p>\n<p>Ancien pr\u00e9sident de la Banque de d\u00e9veloppement des \u00c9tats de l\u2019Afrique centrale (Bdeac), Abbas Mahamat Tolli, est revenu en 2017 \u00e0 la Beac apr\u00e8s y avoir s\u00e9journ\u00e9 de 2008 \u00e0 2010 comme secr\u00e9taire g\u00e9n\u00e9ral. Ministre des Finances du Tchad \u00e0 plusieurs reprises, il a \u00e9galement occup\u00e9 le poste de secr\u00e9taire g\u00e9n\u00e9ral de la Commission bancaire d\u2019Afrique centrale (<strong>Cobac<\/strong>). Par ailleurs, le gouverneur actuel de la Beac est pr\u00e9sident statutaire de la Cobac.<\/p>\n<p class=\"yiv8081683972msonormal c3\"><strong><span class=\"c2\">En attendant : l<\/span><\/strong><strong><span class=\"c2\">a Beac reste le d\u00e9positaire central<\/span><\/strong><\/p>\n<p>\u00ab <em>Nous avons demand\u00e9 une \u00e9tude qui va se r\u00e9aliser sous les auspices de la Banque des Etats de l\u2019Afrique centrale (BEAC) et qui devra proposer aux dirigeants le mode d\u2019organisation qu\u2019on doit atteindre au terme de la p\u00e9riode transitoire [30 juin 2019]<\/em> \u00bb, a expliqu\u00e9 <strong>M. Ngbwa<\/strong>. Toujours selon lui, la fusion entre la CMF et la Cosumaf pourrait donner naissance \u00e0 une structure avec cinq d\u00e9partements, voire dix d\u00e9partements, tout d\u00e9pendant des objectifs de croissance du march\u00e9 financier r\u00e9gional. Au plan social, a ajout\u00e9 Jean Claude Ngbwa, on verra les cons\u00e9quences sociales de la suppression d\u2019une structure (CMF) au profit d\u2019une autre plus grande (Cosumaf).<\/p>\n<blockquote readability=\"11\">\n<p>Pour l\u2019heure, la CMF indique qu\u2019elle va vers l\u2019int\u00e9gration avec des actifs importants : trois actions (<strong>147,6 milliards FCFA<\/strong>) et cinq obligations d\u2019un montant de <strong>272,9 milliards FCFA<\/strong>. Soit un total de <strong>420,585 milliards<\/strong>.<\/p>\n<\/blockquote>\n<p>Pour l\u2019heure, la CMF indique qu\u2019elle va vers l\u2019int\u00e9gration avec des actifs importants : trois actions (<strong>147,6 milliards FCFA<\/strong>) et cinq obligations d\u2019un montant de <strong>272,9 milliards FCFA<\/strong>. Soit un total de <strong>420,585 milliards<\/strong>. Au plus tard le 30 juin 2019, la Bourse des valeurs mobili\u00e8res de l\u2019Afrique centrale (BVMAC) au Gabon et la Bourse de Douala (Cameroun) doivent proc\u00e9der \u00e0 leur fusion. Le si\u00e8ge de la Bourse r\u00e9gionale sera donc transf\u00e9r\u00e9 de Libreville \u00e0 Douala. Dans le sens inverse, le si\u00e8ge de la Commission des march\u00e9s de la sous-r\u00e9gion Cemac sera \u00e0 Libreville.<\/p>\n<p>Durant cette p\u00e9riode transitoire aussi, les la CMF et la Cosumaf ont ex\u00e9cut\u00e9 des op\u00e9rations conjointes de contr\u00f4le sur les deux soci\u00e9t\u00e9s de bourse. Actuellement, la banque centrale, qui pilote activement la fusion entre les deux march\u00e9s, est sur le point de s\u00e9lectionner un cabinet qui d\u00e9finira de meilleurs contours pour cette op\u00e9ration. Mais l\u2019un des points qui inqui\u00e8tent les PSI camerounaises, est celui de la tarification. Avec le temps, la Commission des March\u00e9s Financiers au Cameroun a beaucoup travaill\u00e9 \u00e0 redonner la confiance aux acteurs du march\u00e9 et un des acquis de cette ouverture a \u00e9t\u00e9 l\u2019adoption des accords sur les tarifs d\u2019\u00e9mission et de prestations de services.<\/p>\n<p>Or, le dernier alin\u00e9a \u00e0 l\u2019article 4 de l\u2019accord de coop\u00e9ration fait savoir, que toutes les structures engag\u00e9es dans les activit\u00e9s d\u2019interm\u00e9diation sur les march\u00e9s financiers d\u2019Afrique Centrale, seront soumises aux conditions d\u2019enregistrement et d\u2019op\u00e9rations applicables au niveau de la sous-r\u00e9gion.<\/p>\n<p>Pour des PSI camerounais, cette disposition pr\u00eate \u00e0 confusion, car une interpr\u00e9tation stricto-sensus supposera que la rationalisation des tarifs d\u2019enregistrement et d\u2019\u00e9mission trouv\u00e9e avec la CMF sur fond de longues discussions, risque d\u2019\u00eatre compromise, d\u2019autant que les tarifs pratiqu\u00e9s par la COSUMAF n\u2019ont pas beaucoup \u00e9volu\u00e9 et sont jug\u00e9s peu comp\u00e9titifs.<\/p>\n<div class=\"about-author about-author-box container-wrapper\">\n<div class=\"author-avatar\">\n<p><img decoding=\"async\" src=\"http:\/\/\" alt=\"\"\/><\/p>\n<\/div>\n<p><h4>La R\u00e9daction EcoMatin<\/h4>\n<\/p>\n<\/div>\n<div class=\"awac-wrapper awac widget blog_subscription-2\" readability=\"6\">\n<h4 class=\"widget-title\">Abonnez-vous \u00e0 notre lettre d&rsquo;information<\/h4>\n<\/div>\n<p>Auteur: EcoMatin<br \/>\n<a href=\"https:\/\/ecomatin.net\/bourse-jean-claude-ngbwa-le-president-de-la-cmf-au-chomage\/\">Cliquez ici pour lire l&rsquo;article depuis sa source.<\/a><\/p>\n","protected":false},"excerpt":{"rendered":"<p>La Commission des march\u00e9s financiers (CMF) bas\u00e9e \u00e0 Douala a d\u00e9finitivement \u00e9t\u00e9 absorb\u00e9e par la Commission de surveillance du march\u00e9 financier de l\u2019Afrique centrale (Cosumaf) dont le si\u00e8ge est \u00e0 Libreville, au Gabon. Ceci dans le cadre de la fusion du march\u00e9 boursier de la sous-r\u00e9gion Cemac. Les derni\u00e8res nouvelles font \u00e9tat de ce que, [&hellip;]<\/p>\n","protected":false},"author":1969,"featured_media":0,"comment_status":"closed","ping_status":"closed","sticky":false,"template":"","format":"standard","meta":{"fifu_image_url":"","fifu_image_alt":"","footnotes":""},"categories":[82,78],"tags":[],"class_list":["post-17487","post","type-post","status-publish","format-standard","hentry","category-cameroun","category-economie"],"_links":{"self":[{"href":"https:\/\/linitiative.ca\/International\/wp-json\/wp\/v2\/posts\/17487","targetHints":{"allow":["GET"]}}],"collection":[{"href":"https:\/\/linitiative.ca\/International\/wp-json\/wp\/v2\/posts"}],"about":[{"href":"https:\/\/linitiative.ca\/International\/wp-json\/wp\/v2\/types\/post"}],"author":[{"embeddable":true,"href":"https:\/\/linitiative.ca\/International\/wp-json\/wp\/v2\/users\/1969"}],"replies":[{"embeddable":true,"href":"https:\/\/linitiative.ca\/International\/wp-json\/wp\/v2\/comments?post=17487"}],"version-history":[{"count":0,"href":"https:\/\/linitiative.ca\/International\/wp-json\/wp\/v2\/posts\/17487\/revisions"}],"wp:attachment":[{"href":"https:\/\/linitiative.ca\/International\/wp-json\/wp\/v2\/media?parent=17487"}],"wp:term":[{"taxonomy":"category","embeddable":true,"href":"https:\/\/linitiative.ca\/International\/wp-json\/wp\/v2\/categories?post=17487"},{"taxonomy":"post_tag","embeddable":true,"href":"https:\/\/linitiative.ca\/International\/wp-json\/wp\/v2\/tags?post=17487"}],"curies":[{"name":"wp","href":"https:\/\/api.w.org\/{rel}","templated":true}]}}