{"id":17495,"date":"2019-02-26T03:32:05","date_gmt":"2019-02-26T08:32:05","guid":{"rendered":"https:\/\/linitiative.ca\/International\/dialogue-public-prive-dion-ngute-et-la-patate-chaude-du-cameroon-business-forum\/"},"modified":"2019-02-26T03:32:05","modified_gmt":"2019-02-26T08:32:05","slug":"dialogue-public-prive-dion-ngute-et-la-patate-chaude-du-cameroon-business-forum","status":"publish","type":"post","link":"https:\/\/linitiative.ca\/International\/dialogue-public-prive-dion-ngute-et-la-patate-chaude-du-cameroon-business-forum\/","title":{"rendered":"Dialogue public-priv\u00e9: Dion Ngute et la patate chaude du Cameroon Business Forum"},"content":{"rendered":"<p>La date exacte de la tenue de la 10e session du Cameroon Business Forum (<strong>CBF<\/strong>) n\u2019a pas encore \u00e9t\u00e9 r\u00e9v\u00e9l\u00e9e, mais, comme chaque ann\u00e9e, elle devrait \u00eatre organis\u00e9e dans la premi\u00e8re moiti\u00e9 du mois de mars prochain. Le th\u00e8me de cette ann\u00e9e non plus n\u2019est pas encore connu. Mais de toutes les fa\u00e7ons, l\u2019\u00e9dition en pr\u00e9paration ne sera pas du tout ordinaire. Nomm\u00e9 le 04 janvier dernier, Joseph Dion Ngute pr\u00e9sidera pour la premi\u00e8re fois en tant que Premier ministre, la plus importante plateforme d\u2019\u00e9changes entre le gouvernement et le secteur priv\u00e9. Il aura donc affaire \u00e0 un monde des affaires de plus en plus pr\u00e9occup\u00e9 par les multiples crises s\u00e9curitaires qui impactent s\u00e9rieusement leurs activit\u00e9s, mais aussi par la situation des devises. Prenant la parole en qualit\u00e9 de pr\u00e9sident en exercice de l\u2019Union des patronats d\u2019Afrique centrale (<strong>Unipace<\/strong>), \u00e0 l\u2019ouverture de l\u2019\u00e9dition 2019 de Promote, le pr\u00e9sident du Groupement interpatronal du Cameroun (<strong>Gicam<\/strong>), C\u00e9lestin Tawamba a relev\u00e9, parlant de la p\u00e9nurie des devises, qu\u2019elle <em>\u00ab met \u00e0 mal la cr\u00e9dibilit\u00e9 des entreprises aupr\u00e8s des fournisseurs. Elle d\u00e9grade les risque-pays de la sous-r\u00e9gion, et tend \u00e0 d\u00e9tourner les institutions en assureurs-cr\u00e9dit de nos entreprises. Elle expose nos entreprises \u00e0 des risques r\u00e9els importants au regard de la protection de leurs actifs du fait de la non-effectivit\u00e9 du paiement des primes dues aux compagnies de r\u00e9assurance internationales<\/em> \u00bb.<\/p>\n<hr\/>\n<h4><strong>>> Lire aussi \u2013 <a title=\"Commerce ext\u00e9rieur: alerte rouge sur les devises dans les banques camerounaises\" href=\"https:\/\/ecomatin.net\/commerce-exterieur-ou-sont-passees-les-devises-dans-les-banques\/\" target=\"_blank\" rel=\"noopener\">Commerce ext\u00e9rieur: alerte rouge sur les devises dans les banques camerounaises<\/a><br \/><\/strong><\/h4>\n<hr\/>\n<p>Lors du dernier rendez-vous, qui a eu pour th\u00e9matique centrale : \u00ab <em>Financement des petites et moyennes entreprises et d\u00e9veloppement du tissu industriel camerounais<\/em> \u00bb, l\u2019ex-Premier ministre, <strong>Philemon Yang<\/strong>, avait reconnu qu\u2019il y avait des lenteurs injustifi\u00e9es dans la mise en \u0153uvre des recommandations des pr\u00e9c\u00e9dentes sessions du CBF, et avait promis la r\u00e9forme de celui-ci pour le rendre plus efficace. Mais \u00e0 quelques jours du rendez-vous, cette r\u00e9forme n\u2019est pas effective. Et en raison du principe de la continuit\u00e9 du service public, Dion Ngute va devoir s\u2019expliquer sur la non concr\u00e9tisation d\u2019une promesse qu\u2019il n\u2019a pas faite.<\/p>\n<p class=\"yiv6467850789msonormal c3\"><span class=\"c2\">Mis sur pied en 2006 et op\u00e9rationnel depuis 2009 gr\u00e2ce \u00e0 l\u2019accompagnement de la Soci\u00e9t\u00e9 financi\u00e8re internationale (Sfi), Cameroon Business Forum est un m\u00e9canisme de dialogue public-priv\u00e9 mis en place pour \u0153uvrer \u00e0 l\u2019am\u00e9lioration du climat des affaires. Entre autres objectifs sp\u00e9cifiques poursuivis, promouvoir un dialogue public-priv\u00e9 efficient, lever les obstacles li\u00e9s au monde des affaires, en appliquant les r\u00e9formes adopt\u00e9es en vue d\u2019encourager le secteur productif, acc\u00e9l\u00e9rer l\u2019\u00e9laboration des r\u00e9formes qui am\u00e9lioreront le climat des investissements et le rang du Cameroun dans le classement du rapport Doing Business ou autre agence de notation, et favoriser le d\u00e9veloppement des investissements locaux comme \u00e9trangers au Cameroun.<\/span><\/p>\n<p class=\"yiv6467850789msonormal c3\"><span class=\"c2\">\u00a0<\/span><\/p>\n<hr\/>\n<h4><strong>>> Lire aussi \u2013 <a title=\"Climat des affaires : la sonnette d\u2019alarme qui vient du patronat\" href=\"https:\/\/ecomatin.net\/climat-des-affaires-la-sonnette-dalarme-qui-vient-du-patronat\/\" target=\"_blank\" rel=\"noopener\">Climat des affaires : la sonnette d\u2019alarme qui vient du patronat<\/a><br \/><\/strong><\/h4>\n<hr\/>\n<p class=\"yiv6467850789msonormal c3\"><span class=\"c2\">\u00a0<\/span><\/p>\n<div class=\"about-author about-author-box container-wrapper\">\n<div class=\"author-avatar\">\n<p><img decoding=\"async\" src=\"http:\/\/\" alt=\"\"\/><\/p>\n<\/div>\n<p><h4>La R\u00e9daction EcoMatin<\/h4>\n<\/p>\n<\/div>\n<div class=\"awac-wrapper awac widget blog_subscription-2\" readability=\"6\">\n<h4 class=\"widget-title\">Abonnez-vous \u00e0 notre lettre d&rsquo;information<\/h4>\n<\/div>\n<p>Auteur: EcoMatin<br \/>\n<a href=\"https:\/\/ecomatin.net\/dialogue-public-prive-dion-ngute-et-la-patate-chaude-du-cameroon-business-forum\/\">Cliquez ici pour lire l&rsquo;article depuis sa source.<\/a><\/p>\n","protected":false},"excerpt":{"rendered":"<p>La date exacte de la tenue de la 10e session du Cameroon Business Forum (CBF) n\u2019a pas encore \u00e9t\u00e9 r\u00e9v\u00e9l\u00e9e, mais, comme chaque ann\u00e9e, elle devrait \u00eatre organis\u00e9e dans la premi\u00e8re moiti\u00e9 du mois de mars prochain. Le th\u00e8me de cette ann\u00e9e non plus n\u2019est pas encore connu. Mais de toutes les fa\u00e7ons, l\u2019\u00e9dition en [&hellip;]<\/p>\n","protected":false},"author":1969,"featured_media":0,"comment_status":"closed","ping_status":"closed","sticky":false,"template":"","format":"standard","meta":{"fifu_image_url":"","fifu_image_alt":"","footnotes":""},"categories":[82,78],"tags":[],"class_list":["post-17495","post","type-post","status-publish","format-standard","hentry","category-cameroun","category-economie"],"_links":{"self":[{"href":"https:\/\/linitiative.ca\/International\/wp-json\/wp\/v2\/posts\/17495","targetHints":{"allow":["GET"]}}],"collection":[{"href":"https:\/\/linitiative.ca\/International\/wp-json\/wp\/v2\/posts"}],"about":[{"href":"https:\/\/linitiative.ca\/International\/wp-json\/wp\/v2\/types\/post"}],"author":[{"embeddable":true,"href":"https:\/\/linitiative.ca\/International\/wp-json\/wp\/v2\/users\/1969"}],"replies":[{"embeddable":true,"href":"https:\/\/linitiative.ca\/International\/wp-json\/wp\/v2\/comments?post=17495"}],"version-history":[{"count":0,"href":"https:\/\/linitiative.ca\/International\/wp-json\/wp\/v2\/posts\/17495\/revisions"}],"wp:attachment":[{"href":"https:\/\/linitiative.ca\/International\/wp-json\/wp\/v2\/media?parent=17495"}],"wp:term":[{"taxonomy":"category","embeddable":true,"href":"https:\/\/linitiative.ca\/International\/wp-json\/wp\/v2\/categories?post=17495"},{"taxonomy":"post_tag","embeddable":true,"href":"https:\/\/linitiative.ca\/International\/wp-json\/wp\/v2\/tags?post=17495"}],"curies":[{"name":"wp","href":"https:\/\/api.w.org\/{rel}","templated":true}]}}