{"id":17501,"date":"2019-02-26T08:06:24","date_gmt":"2019-02-26T13:06:24","guid":{"rendered":"https:\/\/linitiative.ca\/International\/tunisie-le-syndicat-national-des-journalistes-tunisiens-menace-dune-greve-generale\/"},"modified":"2019-02-26T08:06:24","modified_gmt":"2019-02-26T13:06:24","slug":"tunisie-le-syndicat-national-des-journalistes-tunisiens-menace-dune-greve-generale","status":"publish","type":"post","link":"https:\/\/linitiative.ca\/International\/tunisie-le-syndicat-national-des-journalistes-tunisiens-menace-dune-greve-generale\/","title":{"rendered":"Tunisie- Le syndicat national des journalistes tunisiens menace d\u2019une gr\u00e8ve g\u00e9n\u00e9rale"},"content":{"rendered":"<div class=\"post-cont-in left relative\">\n<div class=\"nc_socialPanel swp_flatFresh swp_d_fullColor swp_i_fullColor swp_o_fullColor scale-100 scale-fullWidth\" data-position=\"none\" data-float=\"floatNone\" data-count=\"5\" data-floatcolor=\"#ffffff\" data-emphasize=\"0\">\n<div class=\"nc_tweetContainer totes totesalt\" data-id=\"6\"><span class=\"swp_count\"><span class=\"swp_label\">Partages<\/span> 11<\/span><\/div>\n<\/div>\n<p>Le pr\u00e9sident du syndicat national des journalistes tunisiens, Neji Bghouri a indiqu\u00e9 que le SNJT\u00a0 allait\u00a0observer plusieurs manifestations dont\u00a0une gr\u00e8ve g\u00e9n\u00e9rale suspendue.\u00a0En cause, le\u00a0blocage de la publication au JORT de la convention collective des journalistes sign\u00e9e r\u00e9cemment.<\/p>\n<p>Cet obstacle sert les int\u00e9r\u00eats de certaines parties, selon ses dires.<\/p>\n<div class=\"code-block code-block-1 c3\"><ins class=\"adsbygoogle c2\" data-ad-layout=\"in-article\" data-ad-format=\"fluid\" data-ad-client=\"ca-pub-2102118777505746\" data-ad-slot=\"7301775417\"\/> <\/div>\n<div class=\"mvp-org-wrap mvp-org-logo\" itemprop=\"publisher\" itemscope=\"\" itemtype=\"https:\/\/schema.org\/Organization\"><img decoding=\"async\" src=\"https:\/\/www.tunisienumerique.com\/wp-content\/uploads\/2017\/02\/logo_tunisie_numerique.png\"\/><\/div>\n<div class=\"nc_socialPanel swp_flatFresh swp_d_fullColor swp_i_fullColor swp_o_fullColor scale-100 scale-fullWidth\" data-position=\"none\" data-float=\"floatNone\" data-count=\"5\" data-floatcolor=\"#ffffff\" data-emphasize=\"0\">\n<div class=\"nc_tweetContainer totes totesalt\" data-id=\"6\"><span class=\"swp_count\"><span class=\"swp_label\">Partages<\/span> 11<\/span><\/div>\n<\/div>\n<div class=\"mvp-related-posts left relative\">\n<h4 class=\"post-header\"><span class=\"post-header\">Lire aussi<\/span><\/h4>\n<\/div>\n<\/div>\n<p>Auteur: Laameri Dorsaf<br \/>\n<a href=\"https:\/\/www.tunisienumerique.com\/tunisie-le-syndicat-national-des-journalistes-tunisiens-menace-dune-greve-generale\/\">Cliquez ici pour lire l&rsquo;article depuis sa source.<\/a><\/p>\n","protected":false},"excerpt":{"rendered":"<p>Partages 11 Le pr\u00e9sident du syndicat national des journalistes tunisiens, Neji Bghouri a indiqu\u00e9 que le SNJT\u00a0 allait\u00a0observer plusieurs manifestations dont\u00a0une gr\u00e8ve g\u00e9n\u00e9rale suspendue.\u00a0En cause, le\u00a0blocage de la publication au JORT de la convention collective des journalistes sign\u00e9e r\u00e9cemment. Cet obstacle sert les int\u00e9r\u00eats de certaines parties, selon ses dires. Partages 11 Lire aussi Auteur: [&hellip;]<\/p>\n","protected":false},"author":1789,"featured_media":17507,"comment_status":"closed","ping_status":"closed","sticky":false,"template":"","format":"standard","meta":{"fifu_image_url":"","fifu_image_alt":"","footnotes":""},"categories":[73,55],"tags":[],"class_list":["post-17501","post","type-post","status-publish","format-standard","has-post-thumbnail","hentry","category-actualite","category-tunisie"],"_links":{"self":[{"href":"https:\/\/linitiative.ca\/International\/wp-json\/wp\/v2\/posts\/17501","targetHints":{"allow":["GET"]}}],"collection":[{"href":"https:\/\/linitiative.ca\/International\/wp-json\/wp\/v2\/posts"}],"about":[{"href":"https:\/\/linitiative.ca\/International\/wp-json\/wp\/v2\/types\/post"}],"author":[{"embeddable":true,"href":"https:\/\/linitiative.ca\/International\/wp-json\/wp\/v2\/users\/1789"}],"replies":[{"embeddable":true,"href":"https:\/\/linitiative.ca\/International\/wp-json\/wp\/v2\/comments?post=17501"}],"version-history":[{"count":0,"href":"https:\/\/linitiative.ca\/International\/wp-json\/wp\/v2\/posts\/17501\/revisions"}],"wp:featuredmedia":[{"embeddable":true,"href":"https:\/\/linitiative.ca\/International\/wp-json\/"}],"wp:attachment":[{"href":"https:\/\/linitiative.ca\/International\/wp-json\/wp\/v2\/media?parent=17501"}],"wp:term":[{"taxonomy":"category","embeddable":true,"href":"https:\/\/linitiative.ca\/International\/wp-json\/wp\/v2\/categories?post=17501"},{"taxonomy":"post_tag","embeddable":true,"href":"https:\/\/linitiative.ca\/International\/wp-json\/wp\/v2\/tags?post=17501"}],"curies":[{"name":"wp","href":"https:\/\/api.w.org\/{rel}","templated":true}]}}