{"id":17502,"date":"2019-02-25T18:07:41","date_gmt":"2019-02-25T23:07:41","guid":{"rendered":"https:\/\/linitiative.ca\/International\/proces-du-putsch-que-diendere-assume-ses-actes-gal-pingrenoma-zagre\/"},"modified":"2019-02-25T18:07:41","modified_gmt":"2019-02-25T23:07:41","slug":"proces-du-putsch-que-diendere-assume-ses-actes-gal-pingrenoma-zagre","status":"publish","type":"post","link":"https:\/\/linitiative.ca\/International\/proces-du-putsch-que-diendere-assume-ses-actes-gal-pingrenoma-zagre\/","title":{"rendered":"Proc\u00e8s du putsch : \u00abQue Diend\u00e9r\u00e9 assume ses actes !\u00bb,  Gal Pingrenoma Zagr\u00e9"},"content":{"rendered":"<div class=\"td-post-featured-image\" readability=\"32\"><a href=\"https:\/\/i1.wp.com\/www.sidwaya.info\/wp-content\/uploads\/2019\/02\/zagre.jpg?fit=500%2C482&#038;ssl=1\" data-caption=\"\u2026 l\u2019ex-CEMGA Pingrenoma Zagr\u00e9 lui voue une haine.\"><img loading=\"lazy\" decoding=\"async\" width=\"500\" height=\"482\" class=\"entry-thumb td-modal-image\" src=\"https:\/\/i1.wp.com\/www.sidwaya.info\/wp-content\/uploads\/2019\/02\/zagre.jpg?resize=500%2C482&#038;ssl=1\" srcset=\"https:\/\/i1.wp.com\/www.sidwaya.info\/wp-content\/uploads\/2019\/02\/zagre.jpg?w=500&#038;ssl=1 500w, https:\/\/i1.wp.com\/www.sidwaya.info\/wp-content\/uploads\/2019\/02\/zagre.jpg?resize=300%2C289&#038;ssl=1 300w, https:\/\/i1.wp.com\/www.sidwaya.info\/wp-content\/uploads\/2019\/02\/zagre.jpg?resize=436%2C420&#038;ssl=1 436w\" sizes=\"auto, (max-width: 500px) 100vw, 500px\" alt=\"\" title=\"zagre\"\/><\/a>\u2026 l\u2019ex-CEMGA Pingrenoma Zagr\u00e9 lui voue une haine.<\/div>\n<div class=\"td-a-rec td-a-rec-id-content_top td_uid_24_5c7566f5cc03b_rand td_block_template_1\"><img loading=\"lazy\" decoding=\"async\" class=\"aligncenter size-full wp-image-4463\" src=\"https:\/\/www.sidwaya.info\/wp-content\/uploads\/2019\/02\/FESPACO-TOUR-2019-Bannie%CC%80re-728x90-1.jpg\" alt=\"\" width=\"728\" height=\"90\"\/><\/div>\n<p><strong>Au deuxi\u00e8me jour de son t\u00e9moignage devant le tribunal militaire de Ouagadougou, le lundi 25 f\u00e9vrier 2019, l\u2019ex-Chef d\u2019\u00e9tat-major g\u00e9n\u00e9ral des arm\u00e9es (CEMGA), le g\u00e9n\u00e9ral Pingrenoma Zagr\u00e9, a r\u00e9affirm\u00e9 que la hi\u00e9rarchie militaire n\u2019a jamais cautionn\u00e9 le putsch de 2015. Il a, de ce fait, demand\u00e9 au g\u00e9n\u00e9ral Gilbert Diend\u00e9r\u00e9 d\u2019assumer la responsabilit\u00e9 de ses actes.<\/strong><\/p>\n<p>Les d\u00e9bats se sont encore focalis\u00e9s le 25 f\u00e9vrier 2019 au tribunal militaire, sur le soutien ou non de la hi\u00e9rarchie militaire aux putschistes. Me Prosper Farama de la partie civile s\u2019est demand\u00e9 s\u2019il n\u2019y a pas eu de dysfonctionnement dans le commandement g\u00e9n\u00e9ral de l\u2019arm\u00e9e pour qu\u2019on en arrive \u00e0 un putsch. Car, pour lui, le g\u00e9n\u00e9ral Diend\u00e9r\u00e9 a toujours clam\u00e9 qu\u2019il a eu un accompagnement de l\u2019arm\u00e9e, notamment la mise \u00e0 sa disposition d\u2019un h\u00e9licopt\u00e8re pour une mission.<\/p>\n<p>Insistant qu\u2019il n\u2019a jamais donn\u00e9 d\u2019ordre dans ce sens, l\u2019ex-CEMGA le Gal Pingrenoma Zagr\u00e9 a soutenu que le Gal Diend\u00e9r\u00e9 le contournait pour donner des instructions \u00e0 certains chefs militaires. \u00abC\u2019est une usurpation de r\u00f4le et de fonction\u00bb, a-t-il relev\u00e9. Estimant qu\u2019il n\u2019y a pas eu de dysfonctionnement dans le commandement, le t\u00e9moin a d\u00e9clar\u00e9 que le sang-froid qu\u2019il a eu lors du coup d\u2019Etat faisait partie de sa strat\u00e9gie qui, pour lui, est un art. Et ce, pour \u00e9viter le chaos au pays. \u00ab Nous avons accompli notre mission car, la Transition s\u2019est poursuivie \u00bb, s\u2019est-il r\u00e9joui.<\/p>\n<p>Par rapport aux propos du Gal Diend\u00e9r\u00e9 sur la t\u00e9l\u00e9vision France 24 selon lesquels l\u2019arm\u00e9e est derri\u00e8re lui, l\u2019ambassadeur Zagr\u00e9 a qualifi\u00e9 cela de forfaiture. Pour lui, en tant que g\u00e9n\u00e9ral, Diend\u00e9r\u00e9 doit assumer ses actes. \u00abOn reconna\u00eet un arbre par ses fruits et un homme par ses \u0153uvres\u00bb, a opin\u00e9 l\u2019ex-CEMGA.<\/p>\n<p>L\u2019arm\u00e9e a-t-elle attent\u00e9 \u00e0 la vie de Gal Diend\u00e9r\u00e9 au moment de l\u2019assaut du camp Naaba Koom II comme il l\u2019a affirm\u00e9 ? A cette pr\u00e9occupation de Me Farama, le t\u00e9moin a r\u00e9pondu par la n\u00e9gative. Selon ses explications, Diend\u00e9r\u00e9 l\u2019a appel\u00e9 tout paniqu\u00e9, le 29 septembre et il l\u2019 a rassur\u00e9 que rien n\u2019allait lui arriver et qu\u2019il n\u2019y avait aucune intention de faire des morts au camp.<\/p>\n<h3>Une arm\u00e9e dans l\u2019arm\u00e9e<\/h3>\n<p>D\u2019ailleurs, a-t-il ajout\u00e9, les tirs effectu\u00e9s sur le camp ont \u00e9t\u00e9 des tirs de dissuasion qui n\u2019ont fait aucune perte en vie humaine. A l\u2019\u00e9couter, une campagne de d\u00e9mobilisation a \u00e9t\u00e9 au pr\u00e9alable men\u00e9e avec le concours de l\u2019accus\u00e9, le commandant Aziz Korogo pour inciter les \u00e9l\u00e9ments de l\u2019ex-R\u00e9giment de s\u00e9curit\u00e9 pr\u00e9sidentielle (RSP) \u00e0 quitter le camp et \u00e9viter l\u2019affrontement.<\/p>\n<p>Alors que pour l\u2019avocat Farama, des officiers ont soutenu \u00e0 la barre que si la hi\u00e9rarchie militaire avait produit un communiqu\u00e9 clair leur demandant de quitter le camp, ils allaient s\u2019ex\u00e9cuter. Et que par cons\u00e9quent, ils y \u00e9taient parce que c\u2019est leur lieu de travail et non pour soutenir Diend\u00e9r\u00e9. Pour le t\u00e9moin Zagr\u00e9, la position de la hi\u00e9rarchie militaire contre \u00ab la forfaiture \u00bb \u00e9tait connue d\u00e8s le 16 septembre.<\/p>\n<p><img loading=\"lazy\" decoding=\"async\" class=\"size-medium wp-image-4807\" src=\"https:\/\/i0.wp.com\/www.sidwaya.info\/wp-content\/uploads\/2019\/02\/diendere.jpg?resize=300%2C193&#038;ssl=1\" alt=\"\" width=\"300\" height=\"193\" srcset=\"https:\/\/i0.wp.com\/www.sidwaya.info\/wp-content\/uploads\/2019\/02\/diendere.jpg?resize=300%2C193&#038;ssl=1 300w, https:\/\/i0.wp.com\/www.sidwaya.info\/wp-content\/uploads\/2019\/02\/diendere.jpg?w=600&#038;ssl=1 600w\" sizes=\"auto, (max-width: 300px) 100vw, 300px\" data-recalc-dims=\"1\"\/>Le g\u00e9n\u00e9ral Gilbert Diend\u00e9r\u00e9 a dit ne pas comprendre<br \/>pourquoi \u2026.<\/p>\n<p>Mais le Gal Diend\u00e9r\u00e9 est formel en rappelant que quand il se rendait \u00e0 la Nonciature, un bastion a tir\u00e9 sur lui, avant de d\u00e9duire qu\u2019il y avait une volont\u00e9 de le faire dispara\u00eetre. R\u00e9agissant \u00e9galement aux propos de Diend\u00e9r\u00e9 selon lesquels les responsables de l\u2019arm\u00e9e n\u2019ont pas su g\u00e9rer les crises internes \u00e0 l\u2019ex-RSP, l\u2019ex-CEMGA a fait savoir qu\u2019il n\u2019avait aucune influence sur ce corps qui, pour lui, \u00e9tait une arm\u00e9e dans l\u2019arm\u00e9e.<\/p>\n<p>\u00abCe corps n\u2019\u00e9tait pas subordonn\u00e9 \u00e0 moi. Je ne contr\u00f4lais pas son mat\u00e9riel ni son budget. C\u2019\u00e9tait une entit\u00e9 \u00e0 part \u00bb, a-t-il indiqu\u00e9. L\u2019ambassadeur a ajout\u00e9 qu\u2019il a m\u00eame vu du mat\u00e9riel au camp Naaba Koom II qu\u2019il n\u2019avait jamais vu auparavant. Pour lui, le Gal Diend\u00e9r\u00e9 ne peut pas dire qu\u2019il n\u2019avait aucun commandement lors du putsch car, ce corps \u00e9tait sous son contr\u00f4le. Mieux, il avait m\u00eame une influence morale sur l\u2019ex-RSP.<\/p>\n<p>Pourquoi le Gal Diend\u00e9r\u00e9 qui a reconnu avoir assum\u00e9 le coup d\u2019Etat n\u2019a pas \u00e9t\u00e9 sanctionn\u00e9 sur le plan disciplinaire ? A cette question de Me Farama, l\u2019ex-CEMGA a r\u00e9torqu\u00e9 que vu le contexte dans lequel le pays \u00e9tait, le choix a \u00e9t\u00e9 fait de porter l\u2019affaire en justice.<\/p>\n<h3>\u00abJe n\u2019ai jamais \u00e9t\u00e9 chef de corps du RSP\u00bb<\/h3>\n<p>Pour sa part, le g\u00e9n\u00e9ral Diend\u00e9r\u00e9 a dit \u00eatre \u00e9tonn\u00e9 de la mani\u00e8re dont il est trait\u00e9 par le t\u00e9moin Zagr\u00e9. A son avis, celui-ci parle comme s\u2019il y avait un probl\u00e8me particulier ou une haine entre eux.<\/p>\n<p>Diend\u00e9r\u00e9 a fait savoir que depuis la cr\u00e9ation du RSP en 1995, il n\u2019a jamais \u00e9t\u00e9 chef de ce corps mais plut\u00f4t chef d\u2019Etat-major particulier de la Pr\u00e9sidence du Faso. Prenant le contrepied, il a fait observer que si l\u2019ex-CEMGA n\u2019avait pas d\u2019autorit\u00e9 sur ce corps qui appartenait \u00e0 l\u2019arm\u00e9e, il n\u2019avait qu\u2019\u00e0 d\u00e9missionner. A l\u2019\u00e9couter, si le t\u00e9moin avait eu cette vigueur qu\u2019il utilise aujourd\u2019hui pour parler \u00e0 la barre, on n\u2019en serait pas l\u00e0. \u00ab Entre le 16 et le 21 septembre, je n\u2019ai jamais senti une opposition quelconque venant de la hi\u00e9rarchie militaire \u00bb, a soulign\u00e9 Diend\u00e9r\u00e9.<\/p>\n<p class=\"c1\">Il a demand\u00e9 \u00e0 l\u2019ex-CEMGA d\u2019assumer lui aussi ses responsabilit\u00e9s en acceptant qu\u2019il a assur\u00e9 le maintien de l\u2019ordre, donn\u00e9 un h\u00e9lico et accompagn\u00e9 sa d\u00e9l\u00e9gation \u00e0 l\u2019a\u00e9roport. Ce qui, \u00e0 ses yeux, constitue des actes de complicit\u00e9. R\u00e9futant la version du t\u00e9moin, selon laquelle il ne fait pas la politique, Me Latif Dabo de la d\u00e9fense, a soutenu que le Conseil national de la Transition (CNT) \u00e9tait un organe politique auquel ont pris part des militaires mandat\u00e9s par la hi\u00e9rarchie militaire. Pour lui, ces militaires ont aussi vot\u00e9 la loi dite \u00ab Ch\u00e9rif \u00bb qui excluait des personnes politiques des \u00e9lections.<\/p>\n<p class=\"c2\"><strong>Mady KABRE<\/strong><\/p>\n<div class=\"td-a-rec td-a-rec-id-content_bottom td_uid_25_5c7566f5cc199_rand td_block_template_1\"><img loading=\"lazy\" decoding=\"async\" class=\"alignright size-full wp-image-1724\" src=\"https:\/\/www.sidwaya.info\/wp-content\/uploads\/2018\/12\/sidwaya-pub.jpg\" alt=\"\" width=\"720\" height=\"90\"\/><\/div>\n<p>Auteur: JK. Sidwaya<br \/>\n<a href=\"https:\/\/www.sidwaya.info\/blog\/2019\/02\/25\/proces-du-putsch-que-diendere-assume-ses-actes-gal-pingrenoma-zagre\/\">Cliquez ici pour lire l&rsquo;article depuis sa source.<\/a><\/p>\n","protected":false},"excerpt":{"rendered":"<p>\u2026 l\u2019ex-CEMGA Pingrenoma Zagr\u00e9 lui voue une haine. Au deuxi\u00e8me jour de son t\u00e9moignage devant le tribunal militaire de Ouagadougou, le lundi 25 f\u00e9vrier 2019, l\u2019ex-Chef d\u2019\u00e9tat-major g\u00e9n\u00e9ral des arm\u00e9es (CEMGA), le g\u00e9n\u00e9ral Pingrenoma Zagr\u00e9, a r\u00e9affirm\u00e9 que la hi\u00e9rarchie militaire n\u2019a jamais cautionn\u00e9 le putsch de 2015. Il a, de ce fait, demand\u00e9 au [&hellip;]<\/p>\n","protected":false},"author":1816,"featured_media":0,"comment_status":"closed","ping_status":"closed","sticky":false,"template":"","format":"standard","meta":{"fifu_image_url":"","fifu_image_alt":"","footnotes":""},"categories":[73,81],"tags":[],"class_list":["post-17502","post","type-post","status-publish","format-standard","hentry","category-actualite","category-burkina-faso"],"_links":{"self":[{"href":"https:\/\/linitiative.ca\/International\/wp-json\/wp\/v2\/posts\/17502","targetHints":{"allow":["GET"]}}],"collection":[{"href":"https:\/\/linitiative.ca\/International\/wp-json\/wp\/v2\/posts"}],"about":[{"href":"https:\/\/linitiative.ca\/International\/wp-json\/wp\/v2\/types\/post"}],"author":[{"embeddable":true,"href":"https:\/\/linitiative.ca\/International\/wp-json\/wp\/v2\/users\/1816"}],"replies":[{"embeddable":true,"href":"https:\/\/linitiative.ca\/International\/wp-json\/wp\/v2\/comments?post=17502"}],"version-history":[{"count":0,"href":"https:\/\/linitiative.ca\/International\/wp-json\/wp\/v2\/posts\/17502\/revisions"}],"wp:attachment":[{"href":"https:\/\/linitiative.ca\/International\/wp-json\/wp\/v2\/media?parent=17502"}],"wp:term":[{"taxonomy":"category","embeddable":true,"href":"https:\/\/linitiative.ca\/International\/wp-json\/wp\/v2\/categories?post=17502"},{"taxonomy":"post_tag","embeddable":true,"href":"https:\/\/linitiative.ca\/International\/wp-json\/wp\/v2\/tags?post=17502"}],"curies":[{"name":"wp","href":"https:\/\/api.w.org\/{rel}","templated":true}]}}