{"id":17503,"date":"2019-02-26T08:10:39","date_gmt":"2019-02-26T13:10:39","guid":{"rendered":"https:\/\/linitiative.ca\/International\/lutte-contre-la-corruption-au-burkina-la-riposte-nest-pas-a-la-hauteur-du-mal\/"},"modified":"2019-02-26T08:10:39","modified_gmt":"2019-02-26T13:10:39","slug":"lutte-contre-la-corruption-au-burkina-la-riposte-nest-pas-a-la-hauteur-du-mal","status":"publish","type":"post","link":"https:\/\/linitiative.ca\/International\/lutte-contre-la-corruption-au-burkina-la-riposte-nest-pas-a-la-hauteur-du-mal\/","title":{"rendered":"LUTTE CONTRE LA CORRUPTION AU BURKINA  : La riposte n\u2019est pas \u00e0 la hauteur du mal"},"content":{"rendered":"<p><img decoding=\"async\" class=\"post_layout_5_img\" src=\"http:\/\/lepays.bf\/wp-content\/uploads\/2017\/07\/lepaysresponsive.png\" alt=\"LUTTE CONTRE LA CORRUPTION AU BURKINA : La riposte n\u2019est pas \u00e0 la hauteur du mal\"\/><\/p>\n<p class=\"c4\"><em>La lutte contre la corruption est devenue un leitmotiv au Burkina, c\u2019est-\u00e0-dire une formule qui revient sans cesse dans les discours officiels. Le dernier discours qui a \u00e9voqu\u00e9 le sujet au moment o\u00f9 nous tracions ces lignes, a \u00e9t\u00e9 prononc\u00e9 par le nouveau Premier ministre, Christophe Dabir\u00e9, devant l\u2019Assembl\u00e9e nationale. Mais dans le m\u00eame temps et c\u2019est l\u00e0 tout le paradoxe, de fa\u00e7on g\u00e9n\u00e9rale, le Burkina est l\u2019un des rares pays au monde o\u00f9 on n\u2019arr\u00eate jamais des gens pour des faits de corruption. Et pourtant, des faits de corruption, on en registre chaque jour que Dieu fait. Et les m\u00e9dias, \u00e0 force d\u2019en parler sans \u00eatre \u00e9cout\u00e9s par qui de droit, risquent de se d\u00e9courager car, \u00e0 ce rythme, ils apparaissent ridicules. L\u2019autre paradoxe du Burkina, c\u2019est que le pays dispose de bien des structures d\u00e9di\u00e9es \u00e0 la lutte contre le ph\u00e9nom\u00e8ne. Mais au finish, l\u2019on peut avoir l\u2019impression que ce sont de v\u00e9ritables gadgets. La somme de tout cela am\u00e8ne \u00e0 se convaincre que la corruption a de beaux jours devant elle au Burkina. En tout cas, par ces temps qui courent, l\u2019on a des raisons d\u2019\u00eatre sceptiques quant \u00e0 la volont\u00e9 r\u00e9elle du pouvoir de contrer le mal. En effet, sa seule arme, qui consiste \u00e0 discourir sans cesse sur le sujet, a montr\u00e9 toutes ses limites. Et les quelques rares actes qu\u2019il pose de mani\u00e8re \u00e9pisodique pour endiguer le ph\u00e9nom\u00e8ne, sont loin d\u2019\u00eatre dissuasifs. L\u2019on peut m\u00eame dire, quelque part, qu\u2019ils sonnent comme une sorte d\u2019exhortation \u00e0 la corruption. En effet, les rares cas o\u00f9 des gens ont \u00e9t\u00e9 \u00e9pingl\u00e9s pour des faits av\u00e9r\u00e9s de corruption par les structures de contr\u00f4le de l\u2019Etat, dans le meilleur des cas, on leur demande, en guise de sanction, de rembourser l\u2019\u00e9quivalent de leur forfait. Naturellement, c\u2019est le moindre mal. Car rien qu\u2019avec les int\u00e9r\u00eats de l\u2019argent sale plac\u00e9 en banque, on peut ex\u00e9cuter facilement ces \u00ab\u00a0sanctions encouragements\u00a0\u00bb.<\/em><\/p>\n<p><strong>L\u2019entourage de Roch demande \u00e0 \u00eatre assaini<\/strong><\/p>\n<p class=\"c4\"><em>Et puis, lorsque l\u2019on dresse le r\u00e9pertoire des gens poursuivis pour s\u2019\u00eatre rendus coupables de corruption, l\u2019on peut se rendre bien compte qu\u2019il s\u2019agit de petits gibiers. Les gros gibiers, quant \u00e0 eux, ne sont nullement inqui\u00e9t\u00e9s. Ainsi va le Burkina Faso.<\/em><br \/><em>Dans ces conditions, l\u2019on peut m\u00eame se poser la question suivante\u00a0: pourquoi les personnes respectables qui officient dans les structures de contr\u00f4le de l\u2019Etat ne rendent-elles pas le tablier\u00a0? En effet, en s\u2019accrochant \u00e0 leur poste alors que tout le monde sait qu\u2019elles font un travail inutile et absurde, ces personnes respectables donnent l\u2019impression d\u2019\u00eatre de connivence avec le pouvoir pour prot\u00e9ger les corrompus de la R\u00e9publique. Au Mali, par exemple, lorsque le V\u00e9rificateur g\u00e9n\u00e9ral de la R\u00e9publique s\u2019est rendu compte que le pouvoir d\u2019Ibrahim Boubacar K\u00e9ita n\u2019\u00e9tait pas dans une logique de traquer efficacement la corruption, il a tout simplement d\u00e9missionn\u00e9. Cet acte est un acte digne et cons\u00e9quent. Au B\u00e9nin, le pr\u00e9sident Patrice Talon ne badine pas avec la corruption. L\u2019acte le plus r\u00e9cent qui atteste de cela a consist\u00e9, pour lui, \u00e0 r\u00e9voquer et \u00e0 mettre sous mandat de d\u00e9p\u00f4t, un membre de son gouvernement, qui plus est, fait partie de ceux qui ont mouill\u00e9 le maillot pour son av\u00e8nement au pouvoir. En plus de ce ministre ind\u00e9licat, le pr\u00e9sident b\u00e9ninois a r\u00e9voqu\u00e9 et mis aux arr\u00eats un pr\u00e9fet pour bradage de patrimoine public. On appelle cela du courage politique. Peut-on un seul instant imaginer que Roch Marc Christian Kabor\u00e9 fasse de m\u00eame au Burkina\u00a0? Et pourtant, son entourage demande \u00e0 \u00eatre assaini, car ce ne sont pas des personnes ind\u00e9licates qui manquent. En tout cas, dans l\u2019affaire des audiences monnay\u00e9es, il a eu l\u2019occasion de le constater. Et c\u2019est cette indolence au sommet vis-\u00e0-vis de la corruption qui donne du tonus \u00e0 tous ceux qui, en bas et en haut, s\u2019adonnent \u00e0 cette mauvaise pratique pour le malheur du pays.<\/em><\/p>\n<p><strong>Sidzabda<\/strong><\/p>\n<p>Auteur: Le Pays<br \/>\n<a href=\"http:\/\/lepays.bf\/lutte-contre-la-corruption-au-burkina-la-riposte-nest-pas-a-la-hauteur-du-mal\/\">Cliquez ici pour lire l&rsquo;article depuis sa source.<\/a><\/p>\n","protected":false},"excerpt":{"rendered":"<p>La lutte contre la corruption est devenue un leitmotiv au Burkina, c\u2019est-\u00e0-dire une formule qui revient sans cesse dans les discours officiels. Le dernier discours qui a \u00e9voqu\u00e9 le sujet au moment o\u00f9 nous tracions ces lignes, a \u00e9t\u00e9 prononc\u00e9 par le nouveau Premier ministre, Christophe Dabir\u00e9, devant l\u2019Assembl\u00e9e nationale. Mais dans le m\u00eame temps [&hellip;]<\/p>\n","protected":false},"author":1813,"featured_media":17512,"comment_status":"closed","ping_status":"closed","sticky":false,"template":"","format":"standard","meta":{"fifu_image_url":"","fifu_image_alt":"","footnotes":""},"categories":[73,81],"tags":[],"class_list":["post-17503","post","type-post","status-publish","format-standard","has-post-thumbnail","hentry","category-actualite","category-burkina-faso"],"_links":{"self":[{"href":"https:\/\/linitiative.ca\/International\/wp-json\/wp\/v2\/posts\/17503","targetHints":{"allow":["GET"]}}],"collection":[{"href":"https:\/\/linitiative.ca\/International\/wp-json\/wp\/v2\/posts"}],"about":[{"href":"https:\/\/linitiative.ca\/International\/wp-json\/wp\/v2\/types\/post"}],"author":[{"embeddable":true,"href":"https:\/\/linitiative.ca\/International\/wp-json\/wp\/v2\/users\/1813"}],"replies":[{"embeddable":true,"href":"https:\/\/linitiative.ca\/International\/wp-json\/wp\/v2\/comments?post=17503"}],"version-history":[{"count":0,"href":"https:\/\/linitiative.ca\/International\/wp-json\/wp\/v2\/posts\/17503\/revisions"}],"wp:featuredmedia":[{"embeddable":true,"href":"https:\/\/linitiative.ca\/International\/wp-json\/"}],"wp:attachment":[{"href":"https:\/\/linitiative.ca\/International\/wp-json\/wp\/v2\/media?parent=17503"}],"wp:term":[{"taxonomy":"category","embeddable":true,"href":"https:\/\/linitiative.ca\/International\/wp-json\/wp\/v2\/categories?post=17503"},{"taxonomy":"post_tag","embeddable":true,"href":"https:\/\/linitiative.ca\/International\/wp-json\/wp\/v2\/tags?post=17503"}],"curies":[{"name":"wp","href":"https:\/\/api.w.org\/{rel}","templated":true}]}}