{"id":17508,"date":"2019-02-26T08:36:33","date_gmt":"2019-02-26T13:36:33","guid":{"rendered":"https:\/\/linitiative.ca\/International\/coup-denvoi-a-essaouira-du-1er-congres-international-des-territoires-innovants\/"},"modified":"2019-02-26T08:36:33","modified_gmt":"2019-02-26T13:36:33","slug":"coup-denvoi-a-essaouira-du-1er-congres-international-des-territoires-innovants","status":"publish","type":"post","link":"https:\/\/linitiative.ca\/International\/coup-denvoi-a-essaouira-du-1er-congres-international-des-territoires-innovants\/","title":{"rendered":"Coup d\u2019envoi \u00e0 Essaouira du 1er Congr\u00e8s international des Territoires Innovants"},"content":{"rendered":"<p>Organis\u00e9 conjointement par l\u2019Ecole Sup\u00e9rieure de Technologie (EST) d\u2019Essaouira relevant de l\u2019Universit\u00e9 Cadi Ayyad de Marrakech (UCAM), le Centre International de Recherche et de Renforcement de Capacit\u00e9s, et l\u2019Association Essaouira-Mogador entre autres, ce congr\u00e8s multith\u00e9matique et multiforme s\u2019adresse aux diff\u00e9rentes parties prenantes de la ville, \u00e0 savoir des chercheurs, des acteurs locaux, des artistes, des professionnels et la soci\u00e9t\u00e9 civile.<\/p>\n<p>Ce congr\u00e8s se veut un rendez-vous scientifique majeur de la ville d\u2019Essaouira et un lieu d\u2019\u00e9change, d\u2019analyse et de d\u00e9bat sur les mutations et les transformations que conna\u00eet la soci\u00e9t\u00e9 du savoir et l\u2019hyper-connectivit\u00e9, tout en s\u2019inscrivant dans les d\u00e9fis contemporains de gestion territoriale, avec l\u2019innovation et la cr\u00e9ativit\u00e9 comme toiles de fond.<\/p>\n<p>La s\u00e9ance d\u2019ouverture de ce conclave de 4 jours a \u00e9t\u00e9 rehauss\u00e9e par la pr\u00e9sence d\u2019un parterre de personnalit\u00e9s, dont M. Andr\u00e9 Azoulay, Conseiller de Sa Majest\u00e9 le Roi et Pr\u00e9sident-fondateur de l\u2019Association Essaouira-Mogador, le pr\u00e9sident de l\u2019UCAM, Abdellatif Miraoui, le directeur de l\u2019EST d\u2019Essaouira, Belaid Bougadir, le directeur de la Fondation Friedrich Naumann pour la Libert\u00e9 (FFN) au Maroc, Olaf Kellerhoff, et le directeur de l\u2019Agence urbaine d\u2019Essaouira, Said Loqmane.<\/p>\n<p>Intervenant \u00e0 cette occasion, M. Miraoui a salu\u00e9 la pertinence de la th\u00e9matique de ce congr\u00e8s, lequel se trouve actuellement au coeur des priorit\u00e9s, insistant sur le r\u00f4le majeur de l\u2019\u00e9l\u00e9ment humain et de la place qu\u2019il doit occuper au sein de la soci\u00e9t\u00e9.<\/p>\n<p>Et de faire observer que l\u2019UCAM, dans le cadre de sa strat\u00e9gie de d\u00e9veloppement, accorde un int\u00e9r\u00eat tout particulier \u00e0 la formation des jeunes, en veillant \u00e0 les doter de toutes les connaissances et les comp\u00e9tences transversales, notant que l\u2019objectif est que ces jeunes puissent \u00eatre des acteurs agissants et en mesure de faire face \u00e0 tous les changements \u00e0 venir.<\/p>\n<p>\u00ab\u00a0Notre devoir est de former des jeunes qui seront socialement responsables\u00a0\u00bb, a dit M. Miraoui, mettant en avant les avanc\u00e9es r\u00e9alis\u00e9es en mati\u00e8re de cr\u00e9ativit\u00e9 et d\u2019innovation\u00a0au niveau de la ville d\u2019Essaouira, une cit\u00e9 qui sert actuellement de plateforme singuli\u00e8re en la mati\u00e8re.<\/p>\n<p>Sur un autre volet, il a mis l\u2019accent sur la transformation digitale que conna\u00eet le monde actuellement ainsi que sur les d\u00e9fis que le Maroc se doit de relever, estimant que cette transformation digitale offre \u00e9galement de grandes opportunit\u00e9s \u00e0 saisir.<\/p>\n<p>Il a, en outre, insist\u00e9 sur l\u2019importance qu\u2019accorde l\u2019UCAM au niveau r\u00e9gional au d\u00e9veloppement territorial, notant que ce d\u00e9veloppement ne peut \u00eatre atteint que si l\u2019on parvient \u00e0 corriger les dysfonctionnements existants mais aussi \u00e0 anticiper sur les changements \u00e0 venir.<\/p>\n<p>M. Bougadir a, quant \u00e0 lui, donn\u00e9 un aper\u00e7u sur l\u2019EST d\u2019Essaouira et sur les diff\u00e9rentes formations qu\u2019elle dispense, notant que cet \u00e9tablissement d\u2019enseignement sup\u00e9rieur a fait de la cr\u00e9ativit\u00e9 et de l\u2019innovation son cheval de bataille et ce, depuis sa cr\u00e9ation, \u00e0 travers un choix judicieux des fili\u00e8res et des formations, avec comme finalit\u00e9 de mettre en place une assise \u00e0 m\u00eame de permettre d\u2019accompagner, d\u2019une mani\u00e8re efficiente, le d\u00e9veloppement que conna\u00eet la ville d\u2019Essaouira et la province.<\/p>\n<p>Il a, en outre, mis en avant le caract\u00e8re pluridisciplinaire et cr\u00e9atif de la vision adopt\u00e9e au sein de l\u2019EST pour appr\u00e9hender les diff\u00e9rentes questions li\u00e9es au d\u00e9veloppement de la cit\u00e9 des aliz\u00e9s, pr\u00e9cisant qu\u2019actuellement Essaouira, riche de son histoire s\u00e9culaire, de son patrimoine universel, de son esprit d\u2019ouverture et de ses ambitions, est une ville universitaire par la force des choses.<\/p>\n<p>Pour sa part, M. Loqmane a relev\u00e9 le caract\u00e8re significatif du choix de la ville d\u2019Essaouira pour la cristallisation au mieux de cette th\u00e9matique devenue \u00e0 l\u2019heure actuelle une r\u00e9alit\u00e9 mondiale.<\/p>\n<p>\u00a0\u00bbCette ville, dans sa pluralit\u00e9 d\u2019appartenance religieuse, communautaire et culturelle, a toujours \u00e9t\u00e9 un carrefour civilisationnel accueillant les personnes provenant des quatre coins du monde. C\u2019est \u00e0 Essaouira que s\u2019exprime le multilinguisme et o\u00f9 l\u2019histoire des civilisations se manifeste \u00e0 travers son cadre b\u00e2ti, ses rues et ses places\u00a0\u00bb, a-t-il dit.<\/p>\n<p>Et de faire observer que \u00a0\u00bbla cr\u00e9ativit\u00e9 est longtemps rest\u00e9e confin\u00e9e dans la sph\u00e8re artistique et artisanale et n\u2019a pas pris en consid\u00e9ration les autres secteurs que sont l\u2019\u00e9conomie, la technologie, la culture et le social\u00a0\u00bb, estimant que \u00a0\u00bbnotre r\u00f4le en tant qu\u2019acteur d\u2019am\u00e9nagement du territoire, est la fabrique de la ville et son d\u00e9veloppement \u00e0 travers une planification urbaine repens\u00e9e concevant des villes cr\u00e9atives, r\u00e9silientes et productives, prenant en consid\u00e9ration les richesses et les potentialit\u00e9s naturelles et historiques du territoire\u00a0\u00bb.<\/p>\n<p>Pour M. Loqmane, le challenge actuellement est de promouvoir les autres secteurs afin d\u2019atteindre l\u2019objectif escompt\u00e9 qui n\u2019est autre que celui de doter la ville d\u2019Essaouira du titre de \u00a0\u00bbville cr\u00e9ative\u00a0\u00bb, estimant que la cr\u00e9ativit\u00e9 est le moteur du d\u00e9veloppement et de l\u2019attractivit\u00e9 touristique.<\/p>\n<p>Le pr\u00e9sident du R\u00e9seau Marocain de l\u2019Economie Sociale et Solidaire (RMESS), Abdellah Souhir, a lou\u00e9 l\u2019importance de la th\u00e9matique de la cr\u00e9ativit\u00e9 dans les diff\u00e9rentes missions et les divers projets du RMESS, rappelant que son r\u00e9seau a proc\u00e9d\u00e9, l\u2019ann\u00e9e derni\u00e8re, \u00e0 la cr\u00e9ation de p\u00f4les dans les 12 r\u00e9gions du Maroc et ce, dans le but de renforcer son ancrage territorial et mettre en valeur l\u2019\u00e9conomie sociale et solidaire comme un secteur incontournable pour le d\u00e9veloppement durable et inclusif des territoires.<\/p>\n<p>\u00a0\u00bbNous sommes convaincus que le travail en commun et l\u2019association des efforts des parties prenantes dans les territoires, cr\u00e9e plus d\u2019intelligence territoriale qui peut amener \u00e0 trouver des solutions ad\u00e9quates et p\u00e9rennes aux probl\u00e8mes li\u00e9s \u00e0 l\u2019injustice sociale, \u00e0 la pauvret\u00e9 et \u00e0 la pr\u00e9carit\u00e9\u00a0\u00bb, a-t-il expliqu\u00e9, r\u00e9it\u00e9rant l\u2019engagement du RMESS \u00e0 rester ouvert \u00e0 toutes les initiatives qui peuvent apporter de la plus-value aux territoires.<\/p>\n<p>M. Ahmed Chehbouni, pr\u00e9sident du Centre de D\u00e9veloppement de la R\u00e9gion de Tensift (CDRT), a donn\u00e9 un aper\u00e7u d\u00e9taill\u00e9 sur cette ONG d\u2019utilit\u00e9 publique, avec un focus sur les diff\u00e9rentes actions et divers projets que ce Centre m\u00e8ne au niveau de la province d\u2019Essaouira.<\/p>\n<p>Il a, en outre, insist\u00e9 sur l\u2019imp\u00e9ratif d\u2019une implication collective de l\u2019ensemble des acteurs et parties prenantes et ce, pour une cr\u00e9ativit\u00e9 inclusive et un d\u00e9veloppement des territoires qui sera inscrit dans la durabilit\u00e9.<\/p>\n<p>Le professeur Larbi Safaa, du comit\u00e9 de coordination du CITI-2019, a relev\u00e9 que la cr\u00e9ativit\u00e9 est un concept transversal et prot\u00e9iforme, notant que l\u2019examen de ce concept et son inscription \u00e0 une \u00e9chelle territoriale comme la ville n\u2019est pas une entreprise ais\u00e9e ni sur le plan th\u00e9orique, ni sur le plan empirique.<\/p>\n<p>Et de faire observer que le concept de cr\u00e9ativit\u00e9 se d\u00e9mocratise apr\u00e8s qu\u2019il a \u00e9t\u00e9 longtemps associ\u00e9 \u00e0 la sph\u00e8re des artistes et des grands penseurs selon une approche \u00ab\u00a0startifi\u00e9e\u00a0\u00bb du monde, notant qu\u2019aujourd\u2019hui, la cr\u00e9ativit\u00e9 s\u2019ouvre \u00e0 toutes les strates de la soci\u00e9t\u00e9, ce qui pose en m\u00eame temps un paradoxe d\u2019une autre nature : l\u2019h\u00e9g\u00e9monie et l\u2019injonction performative du discours sur la cr\u00e9ativit\u00e9.<\/p>\n<p>Au menu de ce Congr\u00e8s, figurent plusieurs tables rondes, un symposium, un caf\u00e9 Politis, outre la pr\u00e9sentation des r\u00e9sultats de recherches abordant la cr\u00e9ativit\u00e9, un concept aussi transversal que f\u00e9d\u00e9rateur, n\u00e9cessaire \u00e0 l\u2019\u00e9mergence des \u00e9cosyst\u00e8mes territoriaux performants.<\/p>\n<p>Le congr\u00e8s est aussi enrichi par un programme culturel et artistique : Expositions, spectacles et performances c\u00e9l\u00e9breront la cr\u00e9ativit\u00e9, dont deux expositions d\u2019art \u00e0 savoir \u00ab\u00a0Moments partag\u00e9s\u00a0\u00bb de My Youssef El Kahfai, peintre et graveur, qui investira, la galerie de l\u2019Institut Fran\u00e7ais d\u2019Essaouira, outre une seconde exposition sous le signe \u00ab\u00a0Najmah\u00a0\u00bb de l\u2019artiste-photographe Abdelghafour Benbadryef, qui sera agr\u00e9ment\u00e9e par un d\u00e9fil\u00e9 de mode et un atelier de tatouage.<\/p>\n<p>Un autre ancrage local de CITI-2019 se manifeste par la tenue du premier workshop post-cr\u00e9ation de ETIL (Essaouira Territorial Innovation Lab). Cette Innovation Lab se veut un tiers-lieu ouvert permettant de travailler entre structures publiques et priv\u00e9es, collectivit\u00e9s locales, laboratoires universitaires, associations, citoyens et groupement d\u2019usagers dans le but d\u2019\u00e9laborer collectivement de nouvelles solutions et d\u2019essaimer des innovations locales en mati\u00e8re de d\u00e9veloppement territorial.<\/p>\n<p>Pl\u00e9biscitant la diversit\u00e9 et la proximit\u00e9 pour le d\u00e9roulement de ses travaux, CITI-2019 investira plusieurs lieux embl\u00e9matiques et riches d\u2019histoire de la cit\u00e9 des aliz\u00e9s \u00e0 savoir \u00ab\u00a0Dar Souiri\u00a0\u00bb, \u00ab\u00a0Bayt Dakira\u00a0\u00bb, le Mus\u00e9e Sidi Mohammed Ben Abdallah, l\u2019Institut Fran\u00e7ais, outre l\u2019EST d\u2019Essaouira.<\/p>\n<p>Auteur: Meriem IGASS<br \/>\n<a href=\"http:\/\/www.mapmarrakech.ma\/fr\/coup-denvoi-a-essaouira-du-1er-congres-international-des-territoires-innovants\/\">Cliquez ici pour lire l&rsquo;article depuis sa source.<\/a><\/p>\n","protected":false},"excerpt":{"rendered":"<p>Organis\u00e9 conjointement par l\u2019Ecole Sup\u00e9rieure de Technologie (EST) d\u2019Essaouira relevant de l\u2019Universit\u00e9 Cadi Ayyad de Marrakech (UCAM), le Centre International de Recherche et de Renforcement de Capacit\u00e9s, et l\u2019Association Essaouira-Mogador entre autres, ce congr\u00e8s multith\u00e9matique et multiforme s\u2019adresse aux diff\u00e9rentes parties prenantes de la ville, \u00e0 savoir des chercheurs, des acteurs locaux, des artistes, des [&hellip;]<\/p>\n","protected":false},"author":1788,"featured_media":0,"comment_status":"closed","ping_status":"closed","sticky":false,"template":"","format":"standard","meta":{"fifu_image_url":"","fifu_image_alt":"","footnotes":""},"categories":[54,76],"tags":[],"class_list":["post-17508","post","type-post","status-publish","format-standard","hentry","category-maroc","category-regions"],"_links":{"self":[{"href":"https:\/\/linitiative.ca\/International\/wp-json\/wp\/v2\/posts\/17508","targetHints":{"allow":["GET"]}}],"collection":[{"href":"https:\/\/linitiative.ca\/International\/wp-json\/wp\/v2\/posts"}],"about":[{"href":"https:\/\/linitiative.ca\/International\/wp-json\/wp\/v2\/types\/post"}],"author":[{"embeddable":true,"href":"https:\/\/linitiative.ca\/International\/wp-json\/wp\/v2\/users\/1788"}],"replies":[{"embeddable":true,"href":"https:\/\/linitiative.ca\/International\/wp-json\/wp\/v2\/comments?post=17508"}],"version-history":[{"count":0,"href":"https:\/\/linitiative.ca\/International\/wp-json\/wp\/v2\/posts\/17508\/revisions"}],"wp:attachment":[{"href":"https:\/\/linitiative.ca\/International\/wp-json\/wp\/v2\/media?parent=17508"}],"wp:term":[{"taxonomy":"category","embeddable":true,"href":"https:\/\/linitiative.ca\/International\/wp-json\/wp\/v2\/categories?post=17508"},{"taxonomy":"post_tag","embeddable":true,"href":"https:\/\/linitiative.ca\/International\/wp-json\/wp\/v2\/tags?post=17508"}],"curies":[{"name":"wp","href":"https:\/\/api.w.org\/{rel}","templated":true}]}}