{"id":17513,"date":"2019-02-25T19:45:36","date_gmt":"2019-02-26T00:45:36","guid":{"rendered":"https:\/\/linitiative.ca\/International\/fenetre-des-pros-amed-toure-voit-triple\/"},"modified":"2019-02-25T19:45:36","modified_gmt":"2019-02-26T00:45:36","slug":"fenetre-des-pros-amed-toure-voit-triple","status":"publish","type":"post","link":"https:\/\/linitiative.ca\/International\/fenetre-des-pros-amed-toure-voit-triple\/","title":{"rendered":"Fen\u00eatre des pros :  Amed Tour\u00e9 voit triple"},"content":{"rendered":"<div class=\"td-post-featured-image\" readability=\"33\"><a href=\"https:\/\/i2.wp.com\/www.sidwaya.info\/wp-content\/uploads\/2019\/02\/amed.jpg?fit=600%2C423&#038;ssl=1\" data-caption=\"Amed Tour\u00e9 a lui aussi fait parler la poudre. Il a r\u00e9alis\u00e9 le tripl\u00e9 pour la victoire de son \u00e9quipe l\u2019ASEC.\"><img loading=\"lazy\" decoding=\"async\" width=\"600\" height=\"423\" class=\"entry-thumb td-modal-image\" src=\"https:\/\/i2.wp.com\/www.sidwaya.info\/wp-content\/uploads\/2019\/02\/amed.jpg?resize=600%2C423&#038;ssl=1\" srcset=\"https:\/\/i2.wp.com\/www.sidwaya.info\/wp-content\/uploads\/2019\/02\/amed.jpg?w=600&#038;ssl=1 600w, https:\/\/i2.wp.com\/www.sidwaya.info\/wp-content\/uploads\/2019\/02\/amed.jpg?resize=300%2C212&#038;ssl=1 300w, https:\/\/i2.wp.com\/www.sidwaya.info\/wp-content\/uploads\/2019\/02\/amed.jpg?resize=100%2C70&#038;ssl=1 100w, https:\/\/i2.wp.com\/www.sidwaya.info\/wp-content\/uploads\/2019\/02\/amed.jpg?resize=596%2C420&#038;ssl=1 596w\" sizes=\"auto, (max-width: 600px) 100vw, 600px\" alt=\"\" title=\"amed\"\/><\/a>Amed Tour\u00e9 a lui aussi fait parler la poudre. Il a r\u00e9alis\u00e9 le tripl\u00e9 pour la victoire de son \u00e9quipe l\u2019ASEC.<\/div>\n<div class=\"td-a-rec td-a-rec-id-content_top td_uid_24_5c7566f9ac786_rand td_block_template_1\"><img loading=\"lazy\" decoding=\"async\" class=\"aligncenter size-full wp-image-4463\" src=\"https:\/\/www.sidwaya.info\/wp-content\/uploads\/2019\/02\/FESPACO-TOUR-2019-Bannie%CC%80re-728x90-1.jpg\" alt=\"\" width=\"728\" height=\"90\"\/><\/div>\n<p><strong>Le but de Pr\u00e9juce Nakoulma qui a scell\u00e9 la victoire des siens de Rizespor est l\u2019information majeure des footballeurs burkinab\u00e8 expatri\u00e9s. Aussi, le tripl\u00e9 d\u2019Amed Tour\u00e9 avec l\u2019ASEC d\u2019Abidjan est aussi un signe que les attaquants burkinab\u00e8 retrouvent leur efficacit\u00e9.<\/strong><\/p>\n<p>Deux attaquants burkinab\u00e8 ont fait parler la poudre ce week-end avec leur club respectif\u00a0: Pr\u00e9juce Nakoulma (31 ans, 6 matches, 2 buts) et Amed Tour\u00e9 (31 ans). Entr\u00e9 en jeu \u00e0 la 90 mn +3, Pr\u00e9juce Nakoulma n\u2019a pas pris plus de 5 minutes pour permettre \u00e0 son \u00e9quipe, Rizespor (12e), de sceller sa victoire face \u00e0 Yeni Malatyaspor. C\u2019est lui qui a inscrit le 3e \u00e0 la 90e mn + 8 pour la victoire 3-0 des siens.<\/p>\n<p>Cette rencontre entrait dans le cadre de la 23e journ\u00e9e du championnat d\u2019\u00e9lite turc. Toujours dans ce pays, Konyaspor (6e) avec Abdou Razak Traor\u00e9 (30 ans, 18 matches) remplac\u00e9 \u00e0 la 56e mn a \u00e9t\u00e9 surpris \u00e0 domicile 0-1 par Kayserispor. Outre Pr\u00e9juce, Amed Tour\u00e9 a lui aussi fait parler la poudre. Il a r\u00e9alis\u00e9 le tripl\u00e9 pour la victoire de son \u00e9quipe l\u2019ASEC (6e) face \u00e0 l\u2019AFAD \u00e0 la faveur de la 18e journ\u00e9e du championnat ivoirien.<\/p>\n<p>Les deux d\u00e9fenseurs burkinab\u00e8 du Havre (7e), Yacouba Coulibaly (24 ans, 19 matches) et Steeve Yago (26 ans, 2 matches), ont \u00e9t\u00e9 tous align\u00e9s mais cela n\u2019a pas emp\u00each\u00e9 leur \u00e9quipe d\u2019\u00eatre battue 2-1 \u00e0 Troyes lors de la 26e journ\u00e9e de la Ligue 2 fran\u00e7aise. Steeve a \u00e9t\u00e9 remplac\u00e9 \u00e0 la 83e mn. C\u2019est une d\u00e9faite de 2-0 que Paris FC (4e) de Jonathan Pitroipa (32 ans, 20 matches, 2 buts) est all\u00e9 conc\u00e9der \u00e0 Metz. En Ligue 1 (26e journ\u00e9e), Lyon (4e) avec Bertrand Traor\u00e9 (23 ans, 24 matches, 6 buts) 90 minutes durant n\u2019a pas eu les ressources n\u00e9cessaires pour revenir au score. Elle a \u00e9t\u00e9 battue 2-0 \u00e0 Monaco.<\/p>\n<p><img loading=\"lazy\" decoding=\"async\" class=\"size-medium wp-image-4812\" src=\"https:\/\/i0.wp.com\/www.sidwaya.info\/wp-content\/uploads\/2019\/02\/prejuce.jpg?resize=300%2C242&#038;ssl=1\" alt=\"\" width=\"300\" height=\"242\" srcset=\"https:\/\/i0.wp.com\/www.sidwaya.info\/wp-content\/uploads\/2019\/02\/prejuce.jpg?resize=300%2C242&#038;ssl=1 300w, https:\/\/i0.wp.com\/www.sidwaya.info\/wp-content\/uploads\/2019\/02\/prejuce.jpg?resize=522%2C420&#038;ssl=1 522w, https:\/\/i0.wp.com\/www.sidwaya.info\/wp-content\/uploads\/2019\/02\/prejuce.jpg?w=600&#038;ssl=1 600w\" sizes=\"auto, (max-width: 300px) 100vw, 300px\" data-recalc-dims=\"1\"\/>Entr\u00e9 en jeu \u00e0 la 90 mn +3, Pr\u00e9juce Nakoulma n\u2019a pas pris plus de 5 minutes pour permettre \u00e0 son \u00e9quipe Rizespor de sceller sa victoire.<\/p>\n<p>Le championnat de National fran\u00e7ais a lui disput\u00e9 sa 23e journ\u00e9e. Journ\u00e9e au cours de laquelle Cholet (6e) avec Alassane Sango (26 ans, 13 matches) a \u00e9t\u00e9 d\u00e9faite 3-2 par Laval. Dans le m\u00eame marathon footballistique, Louckman Ou\u00e9draogo (26 ans, 3 buts) est lui entr\u00e9 \u00e0 la 86e mn pour la victoire de son \u00e9quipe Tours (14e) face au Mans. Dans la s\u00e9rie A italienne (25e mn), l\u2019Inter de Milan a \u00e9t\u00e9 trop fort pour la Fiorentina (10e).<\/p>\n<p>Elle a \u00e9t\u00e9 vaincue 2-3 \u00e0 domicile. Bryan Dabo (27 ans, 11 matches, 1 but) de cette formation de la Fiorentina est entr\u00e9 en jeu \u00e0 la 79e mn. A Chypre (22e journ\u00e9e), le duel entre le leader Apoel et son dauphin Apollon, club de Dylan Ou\u00e9draogo (20 ans, 12 matches) a tourn\u00e9 \u00e0 l\u2019avantage de la premi\u00e8re \u00e9quipe cit\u00e9e 1-2. Le d\u00e9fenseur central burkinab\u00e8 a disput\u00e9 l\u2019enti\u00e8ret\u00e9 de la rencontre.<\/p>\n<p>Zackaria Sanogo (22 ans, 16 matches, 3 buts) a \u00e9t\u00e9 le passeur d\u00e9cisif pour le but de son \u00e9quipe Hartberg (7e) en r\u00e9ception de St P\u00f6lten (3e) de Issiaka Ou\u00e9draogo (30 ans, 11 matches, 3 buts), lui, indisponible pour blessure. Un match nul d\u2019un but partout a sanctionn\u00e9 cette rencontre entrant dans le cadre de la 19e journ\u00e9e du championnat autrichien.<\/p>\n<p class=\"c1\"><strong>Yves OUEDRAOGO<\/strong><\/p>\n<div class=\"td-a-rec td-a-rec-id-content_bottom td_uid_25_5c7566f9ac8c9_rand td_block_template_1\"><img loading=\"lazy\" decoding=\"async\" class=\"alignright size-full wp-image-1724\" src=\"https:\/\/www.sidwaya.info\/wp-content\/uploads\/2018\/12\/sidwaya-pub.jpg\" alt=\"\" width=\"720\" height=\"90\"\/><\/div>\n<p>Auteur: JK. Sidwaya<br \/>\n<a href=\"https:\/\/www.sidwaya.info\/blog\/2019\/02\/26\/fenetre-des-pros-amed-toure-voit-triple\/\">Cliquez ici pour lire l&rsquo;article depuis sa source.<\/a><\/p>\n","protected":false},"excerpt":{"rendered":"<p>Amed Tour\u00e9 a lui aussi fait parler la poudre. Il a r\u00e9alis\u00e9 le tripl\u00e9 pour la victoire de son \u00e9quipe l\u2019ASEC. Le but de Pr\u00e9juce Nakoulma qui a scell\u00e9 la victoire des siens de Rizespor est l\u2019information majeure des footballeurs burkinab\u00e8 expatri\u00e9s. Aussi, le tripl\u00e9 d\u2019Amed Tour\u00e9 avec l\u2019ASEC d\u2019Abidjan est aussi un signe que [&hellip;]<\/p>\n","protected":false},"author":1816,"featured_media":0,"comment_status":"closed","ping_status":"closed","sticky":false,"template":"","format":"standard","meta":{"fifu_image_url":"","fifu_image_alt":"","footnotes":""},"categories":[73,81],"tags":[],"class_list":["post-17513","post","type-post","status-publish","format-standard","hentry","category-actualite","category-burkina-faso"],"_links":{"self":[{"href":"https:\/\/linitiative.ca\/International\/wp-json\/wp\/v2\/posts\/17513","targetHints":{"allow":["GET"]}}],"collection":[{"href":"https:\/\/linitiative.ca\/International\/wp-json\/wp\/v2\/posts"}],"about":[{"href":"https:\/\/linitiative.ca\/International\/wp-json\/wp\/v2\/types\/post"}],"author":[{"embeddable":true,"href":"https:\/\/linitiative.ca\/International\/wp-json\/wp\/v2\/users\/1816"}],"replies":[{"embeddable":true,"href":"https:\/\/linitiative.ca\/International\/wp-json\/wp\/v2\/comments?post=17513"}],"version-history":[{"count":0,"href":"https:\/\/linitiative.ca\/International\/wp-json\/wp\/v2\/posts\/17513\/revisions"}],"wp:attachment":[{"href":"https:\/\/linitiative.ca\/International\/wp-json\/wp\/v2\/media?parent=17513"}],"wp:term":[{"taxonomy":"category","embeddable":true,"href":"https:\/\/linitiative.ca\/International\/wp-json\/wp\/v2\/categories?post=17513"},{"taxonomy":"post_tag","embeddable":true,"href":"https:\/\/linitiative.ca\/International\/wp-json\/wp\/v2\/tags?post=17513"}],"curies":[{"name":"wp","href":"https:\/\/api.w.org\/{rel}","templated":true}]}}