{"id":17522,"date":"2019-02-26T10:06:34","date_gmt":"2019-02-26T15:06:34","guid":{"rendered":"https:\/\/linitiative.ca\/International\/meurtre-dans-un-cafe-a-marrakech-nouveau-report-de-lexamen-de-laffaire-au-05-mars-prochain\/"},"modified":"2019-02-26T10:06:34","modified_gmt":"2019-02-26T15:06:34","slug":"meurtre-dans-un-cafe-a-marrakech-nouveau-report-de-lexamen-de-laffaire-au-05-mars-prochain","status":"publish","type":"post","link":"https:\/\/linitiative.ca\/International\/meurtre-dans-un-cafe-a-marrakech-nouveau-report-de-lexamen-de-laffaire-au-05-mars-prochain\/","title":{"rendered":"Meurtre dans un caf\u00e9 \u00e0 Marrakech : Nouveau report de l\u2019examen de l\u2019affaire au 05 mars prochain"},"content":{"rendered":"<div class=\"single-featured\"><img alt=\"\" data-src=\"http:\/\/www.mapmarrakech.ma\/map\/uploads\/2019\/02\/caf\u00e9lacr\u00e8memarrakech.jpg\"\/><\/div>\n<div class=\"single-post-excerpt post-excerpt-bc\" readability=\"40\">\n<p>Marrakech \u2013 La Chambre criminelle pr\u00e8s la Cour d\u2019appel de Marrakech a d\u00e9cid\u00e9, mardi, de reporter, de nouveau, au 05 mars prochain, l\u2019examen de l\u2019affaire des personnes poursuivies pour meurtre avec pr\u00e9m\u00e9ditation \u00e0 l\u2019aide d\u2019une arme \u00e0 feu, survenu dans un caf\u00e9 \u00e0 Marrakech.<\/p>\n<\/div>\n<div class=\"entry-content clearfix single-post-content\" readability=\"67\">\n<p>Lors de cette audience, plusieurs avocats ont demand\u00e9 un d\u00e9lai suffisant pour prendre connaissance du dossier, convoquer les t\u00e9moins auditionn\u00e9s par la police judiciaire et apporter les objets saisis, dont des documents et des t\u00e9l\u00e9phones portables avant que le tribunal ne d\u00e9cide de reporter l\u2019examen de ce dossier.<\/p>\n<p>A noter que 17 personnes sont poursuivies dans cette affaire, dont le propri\u00e9taire du caf\u00e9 et les deux principaux suspects impliqu\u00e9s dans l\u2019ex\u00e9cution de ce crime ayant vis\u00e9 trois victimes dans un caf\u00e9 dans le quartier \u00ab\u00a0Hivernage\u00a0\u00bb de la cit\u00e9 ocre.<\/p>\n<p>L\u2019affaire remontre au 2 novembre 2017 quand deux ressortissants hollandais, originaires de la R\u00e9publique dominicaine et du Suriname, qui \u00e9taient \u00e0 bord d\u2019une moto de grosse cylindr\u00e9e, avaient ouvert le feu en direction du caf\u00e9, faisant un mort et blessant deux autres victimes.<\/p>\n<p>Les enqu\u00eates et investigations men\u00e9es par le Service pr\u00e9fectoral de la police judiciaire de Marrakech, en coordination avec les services de la Direction g\u00e9n\u00e9rale de la surveillance du territoire national (DGST), sous la supervision du parquet comp\u00e9tent, avaient abouti \u00e0 l\u2019arrestation des deux ressortissants hollandais pour leur implication dans l\u2019ex\u00e9cution de ce meurtre avec pr\u00e9m\u00e9ditation et pour tentative de meurtre.<\/p>\n<p>Un communiqu\u00e9 de la Direction g\u00e9n\u00e9rale de la s\u00fbret\u00e9 nationale (DGSN) avait \u00e9galement pr\u00e9cis\u00e9 que la coordination men\u00e9e dans le cadre de la coop\u00e9ration s\u00e9curitaire internationale avait r\u00e9v\u00e9l\u00e9 que les mis en cause avaient de nombreux ant\u00e9c\u00e9dents judiciaires et des liens directs avec des affaires de trafic de drogue, d\u2019enl\u00e8vement et s\u00e9questration d\u2019otages, de demande de ran\u00e7on, de vols arm\u00e9s et de tentative d\u2019homicide volontaire.<\/p>\n<\/div>\n<p>Auteur: Meriem IGASS<br \/>\n<a href=\"http:\/\/www.mapmarrakech.ma\/fr\/meurtre-dans-un-cafe-a-marrakech-nouveau-report-de-lexamen-de-laffaire-au-05-mars-prochain\/\">Cliquez ici pour lire l&rsquo;article depuis sa source.<\/a><\/p>\n","protected":false},"excerpt":{"rendered":"<p>Marrakech \u2013 La Chambre criminelle pr\u00e8s la Cour d\u2019appel de Marrakech a d\u00e9cid\u00e9, mardi, de reporter, de nouveau, au 05 mars prochain, l\u2019examen de l\u2019affaire des personnes poursuivies pour meurtre avec pr\u00e9m\u00e9ditation \u00e0 l\u2019aide d\u2019une arme \u00e0 feu, survenu dans un caf\u00e9 \u00e0 Marrakech. Lors de cette audience, plusieurs avocats ont demand\u00e9 un d\u00e9lai suffisant [&hellip;]<\/p>\n","protected":false},"author":1788,"featured_media":17527,"comment_status":"closed","ping_status":"closed","sticky":false,"template":"","format":"standard","meta":{"fifu_image_url":"","fifu_image_alt":"","footnotes":""},"categories":[54,76],"tags":[],"class_list":["post-17522","post","type-post","status-publish","format-standard","has-post-thumbnail","hentry","category-maroc","category-regions"],"_links":{"self":[{"href":"https:\/\/linitiative.ca\/International\/wp-json\/wp\/v2\/posts\/17522","targetHints":{"allow":["GET"]}}],"collection":[{"href":"https:\/\/linitiative.ca\/International\/wp-json\/wp\/v2\/posts"}],"about":[{"href":"https:\/\/linitiative.ca\/International\/wp-json\/wp\/v2\/types\/post"}],"author":[{"embeddable":true,"href":"https:\/\/linitiative.ca\/International\/wp-json\/wp\/v2\/users\/1788"}],"replies":[{"embeddable":true,"href":"https:\/\/linitiative.ca\/International\/wp-json\/wp\/v2\/comments?post=17522"}],"version-history":[{"count":0,"href":"https:\/\/linitiative.ca\/International\/wp-json\/wp\/v2\/posts\/17522\/revisions"}],"wp:featuredmedia":[{"embeddable":true,"href":"https:\/\/linitiative.ca\/International\/wp-json\/"}],"wp:attachment":[{"href":"https:\/\/linitiative.ca\/International\/wp-json\/wp\/v2\/media?parent=17522"}],"wp:term":[{"taxonomy":"category","embeddable":true,"href":"https:\/\/linitiative.ca\/International\/wp-json\/wp\/v2\/categories?post=17522"},{"taxonomy":"post_tag","embeddable":true,"href":"https:\/\/linitiative.ca\/International\/wp-json\/wp\/v2\/tags?post=17522"}],"curies":[{"name":"wp","href":"https:\/\/api.w.org\/{rel}","templated":true}]}}