{"id":17525,"date":"2019-02-26T08:39:03","date_gmt":"2019-02-26T13:39:03","guid":{"rendered":"https:\/\/linitiative.ca\/International\/cheick-oumar-sissoko-cineaste-malien-dans-50-ans-le-fespaco-sera-unique-en-son-genre\/"},"modified":"2019-02-26T08:39:03","modified_gmt":"2019-02-26T13:39:03","slug":"cheick-oumar-sissoko-cineaste-malien-dans-50-ans-le-fespaco-sera-unique-en-son-genre","status":"publish","type":"post","link":"https:\/\/linitiative.ca\/International\/cheick-oumar-sissoko-cineaste-malien-dans-50-ans-le-fespaco-sera-unique-en-son-genre\/","title":{"rendered":"CHEICK OUMAR SISSOKO, CINEASTE MALIEN :  \u00ab Dans 50 ans, le FESPACO sera unique en son genre \u00bb"},"content":{"rendered":"<p><img decoding=\"async\" class=\"post_layout_5_img\" src=\"http:\/\/lepays.bf\/wp-content\/uploads\/2019\/02\/01-5-9.jpg\" alt=\"CHEICK OUMAR SISSOKO, CINEASTE MALIEN : \u00ab Dans 50 ans, le FESPACO sera unique en son genre \u00bb\"\/><\/p>\n<p class=\"c4\"><strong>Ancien ministre de la Culture de son pays, il fait partie des grandes figures non seulement du cin\u00e9ma de son pays, mais aussi de tout le continent. La preuve, il a remport\u00e9 l\u2019Etalon de Yennenga en 1995 avec son film \u00ab\u00a0Guimba\u00a0\u00bb. R\u00e9cemment, il a \u00e9t\u00e9 reconduit en tant que secr\u00e9taire g\u00e9n\u00e9ral de la F\u00e9d\u00e9ration panafricaine des cin\u00e9astes (FEPACI). Lui, c\u2019est Cheick Oumar Sissoko, cin\u00e9aste malien. Pr\u00e9sent \u00e0 Ouagadougou dans le cadre du FESPACO, nous l\u2019avons rencontr\u00e9 le 25 f\u00e9vrier 2019 et avons \u00e9chang\u00e9 avec lui, entre autres, sur le parcours du FESPACO 50 ans apr\u00e8s, sa vision pour la biennale du cin\u00e9ma panafricain dans les 50 ann\u00e9es \u00e0 venir, etc.<\/strong><\/p>\n<p><strong>\u00ab\u00a0Le Pays\u00a0\u00bb\u00a0: Le FESPACO a 50 ans. Comment appr\u00e9ciez-vous son parcours depuis sa cr\u00e9ation jusqu\u2019\u00e0 ce jour\u00a0?<\/strong><\/p>\n<p class=\"c4\"><em>Cheick Oumar Sissoko\u00a0: C\u2019est un parcours cr\u00e9atif parce qu\u2019il a amen\u00e9 tout le continent et la diaspora \u00e0 se mobiliser pour faire des films et les pr\u00e9senter ici. C\u2019est un parcours qui a su faire en sorte que le FESPACO devienne le plus beau et le plus grand \u00e9v\u00e8nement culturel panafricain. C\u2019est aussi un parcours int\u00e9ressant puisque le monde s\u2019est attach\u00e9 au FESPACO, l\u2019a aim\u00e9 et participe \u00e0 ce FESPACO-l\u00e0.<\/em><\/p>\n<p><strong>Comment voyez-vous le FESPACO dans les 50 ann\u00e9es\u00a0\u00e0 venir?<\/strong><\/p>\n<p class=\"c4\"><em>Dans 50 ans, je serai en train de sucrer les mangues. Je pense que dans 50 ans, l\u2019Afrique aura un autre visage. Nos pays conna\u00eetront un autre d\u00e9veloppement et, \u00e0 l\u2019\u00e9vidence, notre cin\u00e9ma va pouvoir s\u2019exposer dans le monde et le FESPACO sera un festival unique en son genre, magnifique, avec des films qui vont pouvoir \u00eatre distribu\u00e9s. Parce que dans 50 ans, il y aura des salles de cin\u00e9ma partout, de grands films et nos enfants auront fait de grandes \u00e9coles de cin\u00e9ma.<\/em><\/p>\n<p class=\"c4\"><strong>Certains Etats demandent une organisation tournante du FESPACO. Quel est votre commentaire sur la question\u00a0?<\/strong><\/p>\n<p class=\"c4\"><em>Je pense que c\u2019est l\u2019illusion qui les habite. Parce que le FESPACO, c\u2019est le Festival panafricain du cin\u00e9ma et de la t\u00e9l\u00e9vision de Ouagadougou. Le O c\u2019est Ouagadougou. Ceux qui veulent cela, n\u2019ont qu\u2019\u00e0 cr\u00e9er un festival chez eux. C\u2019est de l\u2019illusion. Ceux qui disent cela, c\u2019est parce qu\u2019ils aimeraient bien pouvoir b\u00e9n\u00e9ficier de l\u2019image que le FESPACO donne au Burkina Faso. Ils aimeraient bien pouvoir b\u00e9n\u00e9ficier des richesses que ce festival apporte \u00e0 l\u2019\u00e9conomie locale.<\/em><\/p>\n<p class=\"c4\"><strong>Lors de la c\u00e9r\u00e9monie d\u2019ouverture du FESPACO le 23 f\u00e9vrier dernier, le pr\u00e9sident de la Commission de l\u2019Union africaine, Moussa Mahamat Faki , a annonc\u00e9 la cr\u00e9ation d\u2019une commission africaine de l\u2019audiovisuel et du cin\u00e9ma. Nous savons bien que cela \u00e9tait un des combats de la F\u00e9d\u00e9ration panafricaine des cin\u00e9astes (FEPACI). Comment avez-vous accueilli cette nouvelle\u00a0?<\/strong><\/p>\n<p class=\"c4\"><em>Vous avez bien raison en disant que c\u2019\u00e9tait un des combats de la FEPACI mais, en r\u00e9alit\u00e9, c\u2019est elle qui a d\u00e9pos\u00e9 un dossier \u00e0 l\u2019UA en 2003 et c\u2019est elle qui s\u2019est battue de 2003 \u00e0 2016 pour que cette institution soit cr\u00e9\u00e9e. Toutes les d\u00e9penses des r\u00e9unions li\u00e9es \u00e0 la mise en place de cette commission ont \u00e9t\u00e9 le fait de la FEPACI, avec le soutien politique et financier du Kenya. M\u00eame les voyages des Etats, des membres de l\u2019UA, ont \u00e9t\u00e9 faits \u00e0 partir des fonds de la FEPACI, des fonds qui ont \u00e9t\u00e9 mis \u00e0 la disposition de la FEPACI par le Kenya. Il a oubli\u00e9 de le signaler et cette commission, c\u2019est nous qui la voulons, et il faut l\u2019animer. Nous serons dans le conseil d\u2019administration. Cel<\/em>a, pour permettre aux autorit\u00e9s de r\u00e9fl\u00e9chir sur les probl\u00e8mes et les solutions.<\/p>\n<p class=\"c4\"><strong>Le cin\u00e9ma, c\u2019est aussi l\u2019engagement des politiques. Pensez-vous que les chefs d\u2019Etat africains sont suffisamment d\u00e9termin\u00e9s \u00e0 promouvoir le 7e art\u00a0?<\/strong><\/p>\n<p class=\"c4\"><em>Aujourd\u2019hui, les politiques commencent \u00e0 comprendre. Mais leur engagement est li\u00e9 au fait que nous leur exposons notre vision, des programmes. En cela, nous manquons d\u2019intelligence et de solidarit\u00e9. Tr\u00e8s sinc\u00e8rement. Parce que des pays tels le Maroc, le S\u00e9n\u00e9gal, la Tunisie, l\u2019Alg\u00e9rie, l\u2019Egypte, le Mali, le Burkina Faso, etc., se sont engag\u00e9s sur la base du travail des cin\u00e9astes. Les Etats \u00e9taient oblig\u00e9s, sous la f\u00e9rule des Programmes d\u2019ajustements structurels (PAS) du Fonds mon\u00e9taire international et de la Banque mondiale, de r\u00e9duire les budgets sociaux. La culture n\u2019\u00e9tait pas leur tasse de th\u00e9 parce qu\u2019ils ne pouvaient pas engager des fonds. Aujourd\u2019hui, les politiques comprennent que la culture est un facteur de d\u00e9veloppement, de paix, de prosp\u00e9rit\u00e9 et de stabilit\u00e9.<\/em><\/p>\n<p><strong>Propos recueillis par Colette DRABO<\/strong><\/p>\n<p>Auteur: Le Pays<br \/>\n<a href=\"http:\/\/lepays.bf\/cheick-oumar-sissoko-cineaste-malien-dans-50-ans-le-fespaco-sera-unique-en-son-genre\/\">Cliquez ici pour lire l&rsquo;article depuis sa source.<\/a><\/p>\n","protected":false},"excerpt":{"rendered":"<p>Ancien ministre de la Culture de son pays, il fait partie des grandes figures non seulement du cin\u00e9ma de son pays, mais aussi de tout le continent. La preuve, il a remport\u00e9 l\u2019Etalon de Yennenga en 1995 avec son film \u00ab\u00a0Guimba\u00a0\u00bb. R\u00e9cemment, il a \u00e9t\u00e9 reconduit en tant que secr\u00e9taire g\u00e9n\u00e9ral de la F\u00e9d\u00e9ration panafricaine [&hellip;]<\/p>\n","protected":false},"author":1813,"featured_media":17530,"comment_status":"closed","ping_status":"closed","sticky":false,"template":"","format":"standard","meta":{"fifu_image_url":"","fifu_image_alt":"","footnotes":""},"categories":[73,81],"tags":[],"class_list":["post-17525","post","type-post","status-publish","format-standard","has-post-thumbnail","hentry","category-actualite","category-burkina-faso"],"_links":{"self":[{"href":"https:\/\/linitiative.ca\/International\/wp-json\/wp\/v2\/posts\/17525","targetHints":{"allow":["GET"]}}],"collection":[{"href":"https:\/\/linitiative.ca\/International\/wp-json\/wp\/v2\/posts"}],"about":[{"href":"https:\/\/linitiative.ca\/International\/wp-json\/wp\/v2\/types\/post"}],"author":[{"embeddable":true,"href":"https:\/\/linitiative.ca\/International\/wp-json\/wp\/v2\/users\/1813"}],"replies":[{"embeddable":true,"href":"https:\/\/linitiative.ca\/International\/wp-json\/wp\/v2\/comments?post=17525"}],"version-history":[{"count":0,"href":"https:\/\/linitiative.ca\/International\/wp-json\/wp\/v2\/posts\/17525\/revisions"}],"wp:featuredmedia":[{"embeddable":true,"href":"https:\/\/linitiative.ca\/International\/wp-json\/"}],"wp:attachment":[{"href":"https:\/\/linitiative.ca\/International\/wp-json\/wp\/v2\/media?parent=17525"}],"wp:term":[{"taxonomy":"category","embeddable":true,"href":"https:\/\/linitiative.ca\/International\/wp-json\/wp\/v2\/categories?post=17525"},{"taxonomy":"post_tag","embeddable":true,"href":"https:\/\/linitiative.ca\/International\/wp-json\/wp\/v2\/tags?post=17525"}],"curies":[{"name":"wp","href":"https:\/\/api.w.org\/{rel}","templated":true}]}}