{"id":17539,"date":"2019-02-26T08:42:41","date_gmt":"2019-02-26T13:42:41","guid":{"rendered":"https:\/\/linitiative.ca\/International\/proces-du-putsch-manque-ceux-qui-ont-effectue-la-mission-heliportee-sont-innocents-a-lanalyse-des-circonstances-general-pengrenoma-zagre\/"},"modified":"2019-02-26T08:42:41","modified_gmt":"2019-02-26T13:42:41","slug":"proces-du-putsch-manque-ceux-qui-ont-effectue-la-mission-heliportee-sont-innocents-a-lanalyse-des-circonstances-general-pengrenoma-zagre","status":"publish","type":"post","link":"https:\/\/linitiative.ca\/International\/proces-du-putsch-manque-ceux-qui-ont-effectue-la-mission-heliportee-sont-innocents-a-lanalyse-des-circonstances-general-pengrenoma-zagre\/","title":{"rendered":"PROCES DU PUTSCH MANQUE  \u00ab Ceux qui ont effectu\u00e9 la mission h\u00e9liport\u00e9e sont innocents \u00e0 l\u2019analyse des circonstances \u00bb (g\u00e9n\u00e9ral Pengrenoma Zagr\u00e9)"},"content":{"rendered":"<p><img decoding=\"async\" class=\"post_layout_5_img\" src=\"http:\/\/lepays.bf\/wp-content\/uploads\/2017\/07\/lepaysresponsive.png\" alt=\"PROCES DU PUTSCH MANQUE \u00ab Ceux qui ont effectu\u00e9 la mission h\u00e9liport\u00e9e sont innocents \u00e0 l\u2019analyse des circonstances \u00bb (g\u00e9n\u00e9ral Pengrenoma Zagr\u00e9)\"\/><\/p>\n<p class=\"c4\"><strong>Dans le cadre du putsch manqu\u00e9 de septembre 2015, l\u2019audition du t\u00e9moin, Pengrenoma Zagr\u00e9, Chef d\u2019Etat-major g\u00e9n\u00e9ral des Arm\u00e9es (CEMGA) au moment des faits, s\u2019est poursuivie le 25 f\u00e9vrier 2019 au Tribunal militaire. Le g\u00e9n\u00e9ral Zagr\u00e9 est constant\u00a0: nous avons \u00e9t\u00e9 clairs avec Diend\u00e9r\u00e9 la nuit du 16 septembre sur l\u2019ill\u00e9galit\u00e9 de son acte.<\/strong><\/p>\n<p class=\"c4\"><em>Quelle que soit la situation qui nous environne, les militaires ont obligation de se conformer au r\u00e8glement de la discipline g\u00e9n\u00e9rale des Arm\u00e9es. C\u2019est le propos du t\u00e9moin Pengrenoma Zagr\u00e9, en r\u00e9action \u00e0 la mise aux arr\u00eats des autorit\u00e9s de la Transition par les \u00e9l\u00e9ments de l\u2019ex-RSP (r\u00e9giment de s\u00e9curit\u00e9 pr\u00e9sidentielle) qui, de son point de vue, ont \u00e9t\u00e9 influenc\u00e9s par l\u2019environnement politico-financier. Le g\u00e9n\u00e9ral Diend\u00e9r\u00e9 avait, de l\u2019avis du t\u00e9moin, une grande influence morale sur les \u00e9l\u00e9ments de ce corps qui \u00e9tait un environnement particulier o\u00f9 il ne pouvait aller sans tenir le g\u00e9n\u00e9ral Diend\u00e9r\u00e9 inform\u00e9, selon ses d\u00e9clarations. Il confie qu\u2019il n\u2019avait aucune influence sur le RSP. En m\u00eame temps, il indique qu\u2019il n\u2019y a jamais eu un CEMGA qui est autant all\u00e9 au camp Naaba Koom voir les \u00e9l\u00e9ments du RSP comme lui. Du RSP, l\u2019ex CEMGA confie que pour tout ce qui \u00e9tait de l\u2019armement et de l\u2019\u00e9quipement, \u00e7a ne passait pas par lui et ce qui touche aux personnels de ce corps passait par l\u2019Arm\u00e9e de terre. Ce qui suscite cette question chez l\u2019avocat de la partie civile, Me Prosper Farama\u00a0: est-ce que le RSP n\u2019\u00e9tait pas une anomalie dangereuse pour la R\u00e9publique\u00a0? L\u2019avocat veut v\u00e9rifier certaines des d\u00e9clarations du g\u00e9n\u00e9ral Diend\u00e9r\u00e9. L\u2019avocat rel\u00e8ve que selon Diend\u00e9r\u00e9, le t\u00e9moin a dit ceci la nuit du 16 septembre 2015 : \u00ab\u00a0puisque c\u2019est le RSP qui est \u00e0 l\u2019origine, prenez les devants, nous on vous suit\u00a0\u00bb. Le g\u00e9n\u00e9ral Zagr\u00e9 dit en r\u00e9action\u00a0: ce sont des contrev\u00e9rit\u00e9s\u00a0! Avez-vous refus\u00e9 de r\u00e9pondre \u00e0 une convocation du juge d\u2019instruction, comme l\u2019a laiss\u00e9 entendre le g\u00e9n\u00e9ral Diend\u00e9r\u00e9, veut savoir l\u2019avocat\u00a0? Tout cela fait partie de la campagne, r\u00e9pond-t-il, indiquant que c\u2019est du mensonge, qu\u2019il n\u2019a jamais refus\u00e9 de r\u00e9pondre \u00e0 un ordre de la justice. Pourquoi avez-vous demand\u00e9 au commandant Korogo, chef de corps du RSP, de rester en poste au moment des faits\u00a0? \u00ab\u00a0Pour la mise en \u0153uvre de la campagne de d\u00e9mobilisation des \u00e9l\u00e9ments du RSP et inciter les hommes \u00e0 quitter le camp\u00a0\u00bb, r\u00e9pond le t\u00e9moin. Avez-vous connaissance des clans au RSP\u00a0? A cette question, le g\u00e9n\u00e9ral Zagr\u00e9 dit avoir \u00e9t\u00e9 au courant des contradictions au sein du RSP, sans plus sur les clans. Quel \u00e9tait le statut du g\u00e9n\u00e9ral Diend\u00e9r\u00e9 au RSP\u00a0? Le t\u00e9moin Pengrenoma Zagr\u00e9 rappelle que Diend\u00e9r\u00e9 en a \u00e9t\u00e9 le premier chef de corps, avant de devenir le chef d\u2019Etat-major particulier de la pr\u00e9sidence. Sur le lien possible que Diend\u00e9r\u00e9 fait entre la dissolution du RSP, le processus de d\u00e9sarmement dont le terrorisme pourrait \u00eatre la cons\u00e9quence, l\u2019avocat souhaite savoir le point de vue du t\u00e9moin. Le g\u00e9n\u00e9ral Zagr\u00e9 confie en r\u00e9action que ce lien ne tient pas, d\u2019autant plus que bien de pays de la sous-r\u00e9gion paient les frais du terrorisme, comme le Burkina. Pourquoi avez-vous accompagn\u00e9 Diend\u00e9r\u00e9 \u00e0 l\u2019a\u00e9roport \u00e0 l\u2019accueil des chefs d\u2019Etat de la CEDEAO\u00a0? Le t\u00e9moin dit \u00eatre all\u00e9 accueillir les chefs d\u2019Etat au nom des conventions internationales qui l\u2019obligent en tant que CEMGA d\u2019assurer la s\u00e9curit\u00e9 de ces personnalit\u00e9s et il n\u2019y est pas all\u00e9 accompagner Diend\u00e9r\u00e9.<\/em><\/p>\n<p><strong>\u00ab\u00a0La nomination du lieutenant colonel Zida au grade de g\u00e9n\u00e9ral de division n\u2019\u00e9tait pas conforme\u00a0\u00bb<\/strong><\/p>\n<p class=\"c4\"><em>Sur la loi ayant permis la nomination du lieutenant-colonel Yacouba Isaac Zida au grade de g\u00e9n\u00e9ral de division, l\u2019un des conseils de Diend\u00e9r\u00e9, Me Latif Dabo, souhaite avoir la r\u00e9action de l\u2019ex CEMGA. Ce dernier indique en r\u00e9ponse que cela n\u2019\u00e9tait pas adapt\u00e9 et les gens l\u2019ont trouv\u00e9 anormal et non conforme, car source de frustrations. Et il en a parl\u00e9 au ministre de la D\u00e9fense en son temps, le pr\u00e9sident Michel Kafando en l\u2019occurrence. Sur la mission h\u00e9liport\u00e9e \u00e0 la fronti\u00e8re ivoirienne, Pengrenoma Zagr\u00e9 dit en avoir \u00e9t\u00e9 inform\u00e9 la nuit, mais n\u2019a donn\u00e9 ordre \u00e0 personne d\u2019autoriser le d\u00e9collage de l\u2019a\u00e9ronef de la base a\u00e9rienne. Avez-vous pris des sanctions contre ceux qui ont actionn\u00e9 les m\u00e9canismes ayant permis l\u2019utilisation de l\u2019avion ainsi que ceux qui ont fait la mission\u00a0? A cette question de Me Dabo, le t\u00e9moin indique que les responsables \u00e0 qui s\u2019est adress\u00e9 Diend\u00e9r\u00e9 n\u2019avaient pas de moyen de r\u00e9sistance contre lui. \u00ab\u00a0Ces acteurs qui ont effectu\u00e9 la mission n\u2019ont pas choisi de le faire et \u00e0 l\u2019analyse des circonstances, ils sont innocents\u00a0\u00bb, confie-t-il. Il rel\u00e8ve, sur le mat\u00e9riel de maintien de l\u2019ordre qu\u2019il n\u2019en a pas \u00e9t\u00e9 demandeur, encore moins la police, ni la gendarmerie. Ledit mat\u00e9riel n\u2019a pas \u00e9t\u00e9 utilis\u00e9, \u00e0 l\u2019entendre. Il estime avoir fait preuve de strat\u00e9gie et la strat\u00e9gie est un art, une ruse, \u00e0 son avis. L\u2019art de la guerre, c\u2019est celui de garder sa libert\u00e9 d\u2019action, dit-il en r\u00e9action aux multiples questions de Me Dabo. \u00ab\u00a0Il faut reconna\u00eetre les efforts fournis pour r\u00e9soudre la situation. Ce n\u2019est pas par ma force, je n\u2019en ai pas. J\u2019ai \u00e0 peine 1m 80 mais le g\u00e9n\u00e9ral Diend\u00e9r\u00e9 en a 2 presque. Tenez compte des circonstances\u00a0\u00bb, se l\u00e2che-t-il. Son audition se poursuit ce 26 f\u00e9vrier au Tribunal militaire de Ouagadougou \u00e0 partir de 9h.<\/em><\/p>\n<p>Lonsani SANOGO<\/p>\n<p>Auteur: Le Pays<br \/>\n<a href=\"http:\/\/lepays.bf\/proces-du-putsch-manque-ceux-qui-ont-effectue-la-mission-heliportee-sont-innocents-a-lanalyse-des-circonstances-general-pengrenoma-zagre\/\">Cliquez ici pour lire l&rsquo;article depuis sa source.<\/a><\/p>\n","protected":false},"excerpt":{"rendered":"<p>Dans le cadre du putsch manqu\u00e9 de septembre 2015, l\u2019audition du t\u00e9moin, Pengrenoma Zagr\u00e9, Chef d\u2019Etat-major g\u00e9n\u00e9ral des Arm\u00e9es (CEMGA) au moment des faits, s\u2019est poursuivie le 25 f\u00e9vrier 2019 au Tribunal militaire. Le g\u00e9n\u00e9ral Zagr\u00e9 est constant\u00a0: nous avons \u00e9t\u00e9 clairs avec Diend\u00e9r\u00e9 la nuit du 16 septembre sur l\u2019ill\u00e9galit\u00e9 de son acte. Quelle [&hellip;]<\/p>\n","protected":false},"author":1813,"featured_media":17547,"comment_status":"closed","ping_status":"closed","sticky":false,"template":"","format":"standard","meta":{"fifu_image_url":"","fifu_image_alt":"","footnotes":""},"categories":[73,81],"tags":[],"class_list":["post-17539","post","type-post","status-publish","format-standard","has-post-thumbnail","hentry","category-actualite","category-burkina-faso"],"_links":{"self":[{"href":"https:\/\/linitiative.ca\/International\/wp-json\/wp\/v2\/posts\/17539","targetHints":{"allow":["GET"]}}],"collection":[{"href":"https:\/\/linitiative.ca\/International\/wp-json\/wp\/v2\/posts"}],"about":[{"href":"https:\/\/linitiative.ca\/International\/wp-json\/wp\/v2\/types\/post"}],"author":[{"embeddable":true,"href":"https:\/\/linitiative.ca\/International\/wp-json\/wp\/v2\/users\/1813"}],"replies":[{"embeddable":true,"href":"https:\/\/linitiative.ca\/International\/wp-json\/wp\/v2\/comments?post=17539"}],"version-history":[{"count":0,"href":"https:\/\/linitiative.ca\/International\/wp-json\/wp\/v2\/posts\/17539\/revisions"}],"wp:featuredmedia":[{"embeddable":true,"href":"https:\/\/linitiative.ca\/International\/wp-json\/"}],"wp:attachment":[{"href":"https:\/\/linitiative.ca\/International\/wp-json\/wp\/v2\/media?parent=17539"}],"wp:term":[{"taxonomy":"category","embeddable":true,"href":"https:\/\/linitiative.ca\/International\/wp-json\/wp\/v2\/categories?post=17539"},{"taxonomy":"post_tag","embeddable":true,"href":"https:\/\/linitiative.ca\/International\/wp-json\/wp\/v2\/tags?post=17539"}],"curies":[{"name":"wp","href":"https:\/\/api.w.org\/{rel}","templated":true}]}}