{"id":17556,"date":"2019-02-26T10:16:19","date_gmt":"2019-02-26T15:16:19","guid":{"rendered":"https:\/\/linitiative.ca\/International\/voie-express-tiznit-guelmim-421-mdh-dinvestissements-pour-la-1ere-tranche\/"},"modified":"2019-02-26T10:16:19","modified_gmt":"2019-02-26T15:16:19","slug":"voie-express-tiznit-guelmim-421-mdh-dinvestissements-pour-la-1ere-tranche","status":"publish","type":"post","link":"https:\/\/linitiative.ca\/International\/voie-express-tiznit-guelmim-421-mdh-dinvestissements-pour-la-1ere-tranche\/","title":{"rendered":"Voie express Tiznit-Guelmim : 421 MDH d\u2019investissements pour la 1\u00e8re tranche"},"content":{"rendered":"<p>Les travaux de r\u00e9alisation de la 1\u00e8re tranche (37 km) de la voie express qui reliera entre Tiznit et Guelmim, n\u00e9cessiteront un investissement de l\u2019ordre de 421 millions de dirhams et s\u2019\u00e9taleront sur 36 mois.<\/p>\n<div class=\"c10\"\/>\n<p>Cette voie express, dont la premi\u00e8re tranche est longue de 37 km, sera r\u00e9alis\u00e9e sur un nouveau trac\u00e9 en partant de l\u2019actuelle voie express reliant Agadir et Tiznit, selon des donn\u00e9es pr\u00e9sent\u00e9es lundi lors de la visite effectu\u00e9e \u00e0 ce chantier par le ministre de l\u2019Equipement, du Transport, de la Logistique et de l\u2019Eau, Mohamed Amara, en compagnie du wali de la r\u00e9gion de Souss-Massa et gouverneur de la pr\u00e9fecture d\u2019Agadir-Ida Outanane et du gouverneur de la province de Tiznit.<\/p>\n<p>Un communiqu\u00e9 du minist\u00e8re affirme que ce projet d\u2019\u00e9quipement structurant aura un impact positif aussi bien sur le plan \u00e9conomique que social dans les provinces du sud du Royaume, permettant ainsi de r\u00e9duire la dur\u00e9e et le co\u00fbt des transports et d\u2019am\u00e9liorer la fluidit\u00e9 de la circulation et la s\u00e9curit\u00e9 routi\u00e8re.<\/p>\n<p>Ce projet aura aussi pour effet de faciliter le transport de marchandises entre les villes du Sud et les principaux centres de production et de distribution, notamment dans la r\u00e9gion du Souss, d\u2019am\u00e9liorer la qualit\u00e9 des services et d\u2019assurer la s\u00e9curit\u00e9 et le confort des usagers de la route, rel\u00e8ve la m\u00eame source.<\/p>\n<p>Lors de cette visite, Amara a \u00e9galement donn\u00e9 le coup d\u2019envoi des travaux d\u2019am\u00e9nagement de voies cyclables au niveau de la route nationale n\u00b01 sur une longueur de 16 km entre Tiznit et Reggada.<\/p>\n<p>Ce projet, qui n\u00e9cessitera une enveloppe de 18 MDH, s\u2019inscrit dans le cadre du programme sp\u00e9cial d\u2019am\u00e9lioration de la s\u00e9curit\u00e9 routi\u00e8re.<\/p>\n<div class=\"c17\">\n<fieldset class=\"c16\">\n<legend><strong><span class=\"c11\">Challenge<\/span><span class=\"c12\">news<\/span><\/strong><\/legend>\n<div class=\"c15\">Le meilleur de la r\u00e9daction s\u00e9lectionn\u00e9 par Challenge :<\/p>\n<\/div>\n<\/fieldset>\n<\/div>\n<p>Auteur: challenge<br \/>\n<a href=\"https:\/\/www.challenge.ma\/voie-express-tiznit-guelmim-421-mdh-dinvestissements-pour-la-1ere-tranche-105393\/\">Cliquez ici pour lire l&rsquo;article depuis sa source.<\/a><\/p>\n","protected":false},"excerpt":{"rendered":"<p>Les travaux de r\u00e9alisation de la 1\u00e8re tranche (37 km) de la voie express qui reliera entre Tiznit et Guelmim, n\u00e9cessiteront un investissement de l\u2019ordre de 421 millions de dirhams et s\u2019\u00e9taleront sur 36 mois. Cette voie express, dont la premi\u00e8re tranche est longue de 37 km, sera r\u00e9alis\u00e9e sur un nouveau trac\u00e9 en partant [&hellip;]<\/p>\n","protected":false},"author":1787,"featured_media":0,"comment_status":"closed","ping_status":"closed","sticky":false,"template":"","format":"standard","meta":{"fifu_image_url":"","fifu_image_alt":"","footnotes":""},"categories":[78,54],"tags":[],"class_list":["post-17556","post","type-post","status-publish","format-standard","hentry","category-economie","category-maroc"],"_links":{"self":[{"href":"https:\/\/linitiative.ca\/International\/wp-json\/wp\/v2\/posts\/17556","targetHints":{"allow":["GET"]}}],"collection":[{"href":"https:\/\/linitiative.ca\/International\/wp-json\/wp\/v2\/posts"}],"about":[{"href":"https:\/\/linitiative.ca\/International\/wp-json\/wp\/v2\/types\/post"}],"author":[{"embeddable":true,"href":"https:\/\/linitiative.ca\/International\/wp-json\/wp\/v2\/users\/1787"}],"replies":[{"embeddable":true,"href":"https:\/\/linitiative.ca\/International\/wp-json\/wp\/v2\/comments?post=17556"}],"version-history":[{"count":0,"href":"https:\/\/linitiative.ca\/International\/wp-json\/wp\/v2\/posts\/17556\/revisions"}],"wp:attachment":[{"href":"https:\/\/linitiative.ca\/International\/wp-json\/wp\/v2\/media?parent=17556"}],"wp:term":[{"taxonomy":"category","embeddable":true,"href":"https:\/\/linitiative.ca\/International\/wp-json\/wp\/v2\/categories?post=17556"},{"taxonomy":"post_tag","embeddable":true,"href":"https:\/\/linitiative.ca\/International\/wp-json\/wp\/v2\/tags?post=17556"}],"curies":[{"name":"wp","href":"https:\/\/api.w.org\/{rel}","templated":true}]}}