{"id":17557,"date":"2019-02-26T10:50:03","date_gmt":"2019-02-26T15:50:03","guid":{"rendered":"https:\/\/linitiative.ca\/International\/lonu-reclame-plus-de-4-milliards-de-dollars-pour-laide-humanitaire-au-yemen-en-2019\/"},"modified":"2019-02-26T10:50:03","modified_gmt":"2019-02-26T15:50:03","slug":"lonu-reclame-plus-de-4-milliards-de-dollars-pour-laide-humanitaire-au-yemen-en-2019","status":"publish","type":"post","link":"https:\/\/linitiative.ca\/International\/lonu-reclame-plus-de-4-milliards-de-dollars-pour-laide-humanitaire-au-yemen-en-2019\/","title":{"rendered":"L\u2019ONU r\u00e9clame plus de 4 milliards de dollars pour l\u2019aide humanitaire au Y\u00e9men en 2019"},"content":{"rendered":"<div readability=\"32\">\n<p>Publi\u00e9 le 26.02.2019 \u00e0 16h50 par AFP<\/p>\n<\/div>\n<div readability=\"150\">\n<p>Le chef de l\u2019ONU a r\u00e9clam\u00e9 mardi plus de 4 milliards de dollars pour l\u2019aide humanitaire au Y\u00e9men en 2019, tandis que des humanitaires acc\u00e9daient pour la premi\u00e8re fois en six mois \u00e0 des entrep\u00f4ts de c\u00e9r\u00e9ales pr\u00e8s de la ligne de front de Hodeida, dans l\u2019ouest du pays.<\/p>\n<p>A la mi-journ\u00e9e, Antonio Guterres a annonc\u00e9 que sur les 4,2 milliards de dollars (3,7 milliards d\u2019euros) demand\u00e9s, pr\u00e8s de 2,6 milliards de promesses de financement avaient \u00e9t\u00e9 annonc\u00e9es lors de la conf\u00e9rence des donateurs \u00e0 Gen\u00e8ve.<\/p>\n<p>Cette aide devrait permettre aux diff\u00e9rentes agences des Nations unies de venir en aide cette ann\u00e9e \u00e0 21,4 millions de personnes, soit 70% de la population.<\/p>\n<p>\u00ab\u00a0La conf\u00e9rence des donateurs d\u2019aujourd\u2019hui peut \u00eatre consid\u00e9r\u00e9e comme un succ\u00e8s. Les donateurs se sont engag\u00e9s \u00e0 verser 30% de plus que l\u2019an dernier\u00a0\u00bb, s\u2019est r\u00e9joui M. Guterres, lors d\u2019un point de presse.<\/p>\n<p>\u00ab\u00a0Plusieurs pays ont augment\u00e9 leur contribution\u00a0\u00bb, surtout l\u2019Arabie saoudite et les Emirats arabes unis, a-t-il sp\u00e9cifi\u00e9, estimant qu\u2019il n\u2019y avait pas de conflit d\u2019int\u00e9r\u00eat entre les dons faits par ces pays \u00e0 l\u2019ONU et leur participation au conflit.<\/p>\n<p>Depuis mars 2015, l\u2019Arabie saoudite a pris la t\u00eate d\u2019une coalition pour soutenir le gouvernement y\u00e9m\u00e9nite face aux rebelles Houthis soutenus par l\u2019Iran.<\/p>\n<p>Le gouvernement saoudien a annonc\u00e9 une contribution de 500 millions de dollars au plan d\u2019aide de l\u2019ONU. L\u2019UE a promis, elle, 161,5 millions d\u2019euros.<\/p>\n<p>\u00ab\u00a0Ind\u00e9pendamment du r\u00f4le qu\u2019un pays peut jouer dans un conflit, il y a des besoins humanitaires et nous avons tous l\u2019obligation de soutenir la r\u00e9ponse \u00e0 ces besoins humanitaires\u00a0\u00bb, a soutenu le chef de l\u2019ONU, pr\u00e9cisant que l\u2019aide \u00e9tait distribu\u00e9e en toute \u00ab\u00a0impartialit\u00e9, neutralit\u00e9 et ind\u00e9pendance\u00a0\u00bb.<\/p>\n<p>Mais pour M\u00e9decins sans fronti\u00e8res (MSF), la crise humanitaire au Y\u00e9men est \u00ab\u00a0aliment\u00e9e par l\u2019implication des principaux gouvernements donateurs dans le conflit\u00a0\u00bb. Dans un communiqu\u00e9, l\u2019ONG a d\u00e9nonc\u00e9 \u00ab\u00a0les restrictions sur les importations, les visas et les permis de circulation\u00a0\u00bb qui cr\u00e9ent \u00ab\u00a0des obstacles emp\u00eachant une distribution \u00e9quitable de l\u2019aide\u00a0\u00bb.<\/p>\n<p>Le conflit a d\u00e9j\u00e0 fait quelque 10.000 morts, selon un bilan partiel de l\u2019Organisation mondiale de la sant\u00e9. Selon l\u2019ONU, 24,1 millions de Y\u00e9m\u00e9nites ont besoin d\u2019une aide ou de protection, dont 10 millions sont au bord de la famine.<\/p>\n<p><ins data-revive-zoneid=\"9\" data-revive-id=\"10111e19d28d19d031742ee3b0b33eb0\"\/> <\/p>\n<p>\u00ab\u00a0Un rapport cr\u00e9dible indique que le nombre d\u2019enfants de moins de 5 ans qui sont morts de faim s\u2019\u00e9l\u00e8ve \u00e0 plus de 80.000\u00a0\u00bb, a soulign\u00e9 M. Guterres, devant les diplomates.<\/p>\n<p>Le Programme alimentaire mondial (PAM) esp\u00e8re, lui, venir en aide cette ann\u00e9e \u00e0 12 millions de personnes par mois au Y\u00e9men, alors qu\u2019il en atteignait entre 7 \u00e0 8 millions \u00e0 la fin de 2018.<\/p>\n<p>\u00ab\u00a0Le Y\u00e9men reste la pire crise humanitaire au monde\u00a0\u00bb, selon le secr\u00e9taire g\u00e9n\u00e9ral adjoint pour les Affaires humanitaires de l\u2019ONU, Mark Lowcock. Et \u00ab\u00a0la situation s\u2019est d\u00e9t\u00e9rior\u00e9e depuis l\u2019ann\u00e9e derni\u00e8re \u00e0 la m\u00eame \u00e9poque\u00a0\u00bb, a-t-il dit \u00e0 des journalistes lundi.<\/p>\n<p>\u2013 Read Sea Mills \u2013<\/p>\n<p>La conf\u00e9rence des donateurs sur le Y\u00e9men a co\u00efncid\u00e9 avec l\u2019arriv\u00e9e d\u2019une mission d\u2019\u00e9valuation du PAM dans les entrep\u00f4ts de Red Sea Mills, dans la r\u00e9gion de Hodeida, une premi\u00e8re en six mois. \u00ab\u00a0Une bonne nouvelle\u00a0\u00bb pour le chef de l\u2019ONU.<\/p>\n<p>\u00ab\u00a0Aujourd\u2019hui, pour la premi\u00e8re fois depuis septembre, une \u00e9quipe du Programme Alimentaire Mondial a pu acc\u00e9der au site Red Sea Mills qui abrite 51.000 tonnes de c\u00e9r\u00e9ales, une quantit\u00e9 suffisante pour nourrir plus de 3,7 millions de personnes pendant un mois\u00a0\u00bb, a d\u00e9taill\u00e9 \u00e0 l\u2019AFP un porte-parole du PAM, Herve Verhoosel.<\/p>\n<p>Cette mission fait suite \u00e0 l\u2019accord du 17 f\u00e9vrier conclu entre bellig\u00e9rants au Y\u00e9men en faveur d\u2019un red\u00e9ploiement de combattants hors de trois ports dans le pays, sous l\u2019\u00e9gide de l\u2019ONU.<\/p>\n<p>Cet accord, qui confirme une entente conclue d\u00e9but d\u00e9cembre en Su\u00e8de entre les bellig\u00e9rants, pr\u00e9voit un red\u00e9ploiement \u00ab\u00a0dans un premier temps\u00a0\u00bb hors des ports de Saleef et Ras Isa, suivi dans \u00ab\u00a0un deuxi\u00e8me temps\u00a0\u00bb d\u2019un repli hors de la ville portuaire de Hodeida.<\/p>\n<p>Situ\u00e9s dans l\u2019ouest du Y\u00e9men, ces ports sont sous le contr\u00f4le des rebelles Houthis. L\u2019application de l\u2019accord doit s\u2019accompagner d\u2019une libert\u00e9 d\u2019acc\u00e8s aux entrep\u00f4ts \u00e0 grains de Red Sea Mills, qui eux sont sous contr\u00f4le des forces gouvernementales.<\/p>\n<\/div>\n<p>Auteur: AFP<br \/>\n<a href=\"https:\/\/www.journalducameroun.com\/lonu-reclame-plus-de-4-milliards-de-dollars-pour-laide-humanitaire-au-yemen-en-2019\/\">Cliquez ici pour lire l&rsquo;article depuis sa source.<\/a><\/p>\n","protected":false},"excerpt":{"rendered":"<p>Publi\u00e9 le 26.02.2019 \u00e0 16h50 par AFP Le chef de l\u2019ONU a r\u00e9clam\u00e9 mardi plus de 4 milliards de dollars pour l\u2019aide humanitaire au Y\u00e9men en 2019, tandis que des humanitaires acc\u00e9daient pour la premi\u00e8re fois en six mois \u00e0 des entrep\u00f4ts de c\u00e9r\u00e9ales pr\u00e8s de la ligne de front de Hodeida, dans l\u2019ouest du [&hellip;]<\/p>\n","protected":false},"author":1965,"featured_media":0,"comment_status":"closed","ping_status":"closed","sticky":false,"template":"","format":"standard","meta":{"fifu_image_url":"","fifu_image_alt":"","footnotes":""},"categories":[73,82],"tags":[],"class_list":["post-17557","post","type-post","status-publish","format-standard","hentry","category-actualite","category-cameroun"],"_links":{"self":[{"href":"https:\/\/linitiative.ca\/International\/wp-json\/wp\/v2\/posts\/17557","targetHints":{"allow":["GET"]}}],"collection":[{"href":"https:\/\/linitiative.ca\/International\/wp-json\/wp\/v2\/posts"}],"about":[{"href":"https:\/\/linitiative.ca\/International\/wp-json\/wp\/v2\/types\/post"}],"author":[{"embeddable":true,"href":"https:\/\/linitiative.ca\/International\/wp-json\/wp\/v2\/users\/1965"}],"replies":[{"embeddable":true,"href":"https:\/\/linitiative.ca\/International\/wp-json\/wp\/v2\/comments?post=17557"}],"version-history":[{"count":0,"href":"https:\/\/linitiative.ca\/International\/wp-json\/wp\/v2\/posts\/17557\/revisions"}],"wp:attachment":[{"href":"https:\/\/linitiative.ca\/International\/wp-json\/wp\/v2\/media?parent=17557"}],"wp:term":[{"taxonomy":"category","embeddable":true,"href":"https:\/\/linitiative.ca\/International\/wp-json\/wp\/v2\/categories?post=17557"},{"taxonomy":"post_tag","embeddable":true,"href":"https:\/\/linitiative.ca\/International\/wp-json\/wp\/v2\/tags?post=17557"}],"curies":[{"name":"wp","href":"https:\/\/api.w.org\/{rel}","templated":true}]}}