{"id":17568,"date":"2019-02-26T10:50:05","date_gmt":"2019-02-26T15:50:05","guid":{"rendered":"https:\/\/linitiative.ca\/International\/musee-juif-le-parquet-requiert-un-verdict-de-culpabilite-contre-nemmouche\/"},"modified":"2019-02-26T10:50:05","modified_gmt":"2019-02-26T15:50:05","slug":"musee-juif-le-parquet-requiert-un-verdict-de-culpabilite-contre-nemmouche","status":"publish","type":"post","link":"https:\/\/linitiative.ca\/International\/musee-juif-le-parquet-requiert-un-verdict-de-culpabilite-contre-nemmouche\/","title":{"rendered":"Mus\u00e9e juif: le parquet requiert \u00ab\u00a0un verdict de culpabilit\u00e9\u00a0\u00bb contre Nemmouche"},"content":{"rendered":"<div readability=\"32\">\n<p>Publi\u00e9 le 26.02.2019 \u00e0 16h50 par AFP<\/p>\n<\/div>\n<div readability=\"86\">\n<p>Le parquet f\u00e9d\u00e9ral a r\u00e9clam\u00e9 mardi \u00ab\u00a0un verdict de culpabilit\u00e9\u00a0\u00bb au jury populaire charg\u00e9 de juger le jihadiste fran\u00e7ais Mehdi Nemmouche, accus\u00e9 aux assises de Bruxelles de quatre \u00ab\u00a0assassinats terroristes\u00a0\u00bb le 24 mai 2014 au mus\u00e9e juif de la capitale belge.<\/p>\n<p>\u00ab\u00a0On vous demande un verdict de culpabilit\u00e9\u00a0\u00bb, a d\u00e9clar\u00e9 le procureur Bernard Michel \u00e0 l\u2019issue de deux jours de r\u00e9quisitoire, qualifiant Nemmouche d&rsquo;\u00a0\u00bbauteur principal\u00a0\u00bb.<\/p>\n<p>Le jury devrait se prononcer le 7 mars sur la culpabilit\u00e9 ou non de Nemmouche, puis il d\u00e9lib\u00e9rera ensuite sur sa peine \u00e9ventuelle.<\/p>\n<p>Un \u00ab\u00a0verdict de culpabilit\u00e9\u00a0\u00bb, mais pour \u00ab\u00a0complicit\u00e9\u00a0\u00bb, a \u00e9galement \u00e9t\u00e9 r\u00e9clam\u00e9 contre son co-accus\u00e9, Nacer Bendrer, 30 ans, un d\u00e9linquant marseillais accus\u00e9 de lui avoir fourni les armes.<\/p>\n<p>\u00ab\u00a0Nous sommes tous les deux convaincus au plus profond de nous-m\u00eames que les deux accus\u00e9s ont bien commis ces actes\u00a0\u00bb, a affirm\u00e9 Bernard Michel, qui repr\u00e9sente depuis plus de six semaines le parquet \u00e0 ce proc\u00e8s en compagnie du procureur Yves Moreau.<\/p>\n<p>\u00ab\u00a0Au final, en ce qui concerne ces assassinats \u00e0 caract\u00e8re terroriste, on a bien un auteur principal, Mehdi Nemmouche, et un complice, Nacer Bendrer\u00a0\u00bb, a-t-il r\u00e9sum\u00e9.<\/p>\n<p><ins data-revive-zoneid=\"9\" data-revive-id=\"10111e19d28d19d031742ee3b0b33eb0\"\/> <\/p>\n<p>Nemmouche, un d\u00e9linquant multir\u00e9cidiviste de 33 ans radicalis\u00e9 en prison et pass\u00e9 par la Syrie, ne s\u2019est pas exprim\u00e9 durant son proc\u00e8s, comme depuis son arrestation \u00e0 Marseille six jours apr\u00e8s les faits, en possession des armes utilis\u00e9es pour la tuerie.<\/p>\n<p>Deux de ses trois avocats \u00e9taient absents mardi pendant le r\u00e9quisitoire.<\/p>\n<p>Leur plaidoirie, pr\u00e9vue jeudi, sera suivie par celle de la d\u00e9fense de Bendrer vendredi.<\/p>\n<p>Les derniers mots des accus\u00e9s sont pr\u00e9vus mardi, jour o\u00f9 le jury est suppos\u00e9 partir d\u00e9lib\u00e9rer.<\/p>\n<\/div>\n<p>Auteur: AFP<br \/>\n<a href=\"https:\/\/www.journalducameroun.com\/musee-juif-le-parquet-requiert-un-verdict-de-culpabilite-contre-nemmouche\/\">Cliquez ici pour lire l&rsquo;article depuis sa source.<\/a><\/p>\n","protected":false},"excerpt":{"rendered":"<p>Publi\u00e9 le 26.02.2019 \u00e0 16h50 par AFP Le parquet f\u00e9d\u00e9ral a r\u00e9clam\u00e9 mardi \u00ab\u00a0un verdict de culpabilit\u00e9\u00a0\u00bb au jury populaire charg\u00e9 de juger le jihadiste fran\u00e7ais Mehdi Nemmouche, accus\u00e9 aux assises de Bruxelles de quatre \u00ab\u00a0assassinats terroristes\u00a0\u00bb le 24 mai 2014 au mus\u00e9e juif de la capitale belge. \u00ab\u00a0On vous demande un verdict de culpabilit\u00e9\u00a0\u00bb, [&hellip;]<\/p>\n","protected":false},"author":1965,"featured_media":0,"comment_status":"closed","ping_status":"closed","sticky":false,"template":"","format":"standard","meta":{"fifu_image_url":"","fifu_image_alt":"","footnotes":""},"categories":[73,82],"tags":[],"class_list":["post-17568","post","type-post","status-publish","format-standard","hentry","category-actualite","category-cameroun"],"_links":{"self":[{"href":"https:\/\/linitiative.ca\/International\/wp-json\/wp\/v2\/posts\/17568","targetHints":{"allow":["GET"]}}],"collection":[{"href":"https:\/\/linitiative.ca\/International\/wp-json\/wp\/v2\/posts"}],"about":[{"href":"https:\/\/linitiative.ca\/International\/wp-json\/wp\/v2\/types\/post"}],"author":[{"embeddable":true,"href":"https:\/\/linitiative.ca\/International\/wp-json\/wp\/v2\/users\/1965"}],"replies":[{"embeddable":true,"href":"https:\/\/linitiative.ca\/International\/wp-json\/wp\/v2\/comments?post=17568"}],"version-history":[{"count":0,"href":"https:\/\/linitiative.ca\/International\/wp-json\/wp\/v2\/posts\/17568\/revisions"}],"wp:attachment":[{"href":"https:\/\/linitiative.ca\/International\/wp-json\/wp\/v2\/media?parent=17568"}],"wp:term":[{"taxonomy":"category","embeddable":true,"href":"https:\/\/linitiative.ca\/International\/wp-json\/wp\/v2\/categories?post=17568"},{"taxonomy":"post_tag","embeddable":true,"href":"https:\/\/linitiative.ca\/International\/wp-json\/wp\/v2\/tags?post=17568"}],"curies":[{"name":"wp","href":"https:\/\/api.w.org\/{rel}","templated":true}]}}