{"id":17582,"date":"2019-02-26T11:19:24","date_gmt":"2019-02-26T16:19:24","guid":{"rendered":"https:\/\/linitiative.ca\/International\/ligue-1-2-jsk-chetti-ressent-des-douleurs-et-quitte-la-seance\/"},"modified":"2019-02-26T11:19:24","modified_gmt":"2019-02-26T16:19:24","slug":"ligue-1-2-jsk-chetti-ressent-des-douleurs-et-quitte-la-seance","status":"publish","type":"post","link":"https:\/\/linitiative.ca\/International\/ligue-1-2-jsk-chetti-ressent-des-douleurs-et-quitte-la-seance\/","title":{"rendered":"Ligue 1 &#038; 2 : JSK : Chetti ressent des douleurs et quitte la s\u00e9ance"},"content":{"rendered":"<div readability=\"32\">\n<p>Auteur : <span>S. F.<\/span> <span class=\"time\">mardi 26 f\u00e9vrier 2019 10:46<\/span><\/p>\n<\/div>\n<div id=\"post_core\" readability=\"74\">\n<p>Apr\u00e8s une journ\u00e9e de repos accord\u00e9e par le staff technique, les joueurs de la JS Kabylie ont repris hier matin le chemin de l\u2019entra\u00eenement au stade du 1er-Novembre de Tizi-Ouzou. Une s\u00e9ance qui s\u2019est plut\u00f4t bien d\u00e9roul\u00e9e, sauf qu\u2019une alerte a \u00e9t\u00e9 signal\u00e9e et elle concerne le lat\u00e9ral gauche, Lyes Chetti. En effet, ce dernier a ressenti des douleurs aux deux pieds et a d\u00fb interrompre sa s\u00e9ance au bout d\u2019une trentaine de minutes d\u2019exercice seulement. Il est all\u00e9 directement voir le m\u00e9decin de l\u2019\u00e9quipe, qui l\u2019a pris en charge en lui prodiguant des soins afin d\u2019att\u00e9nuer les douleurs. Le Dr Djadjoua l\u2019a alors instruit d\u2019arr\u00eater et d\u2019aller se reposer pour ne pas compliquer davantage son cas.<br \/><strong>Rien de m\u00e9chant, mais\u2026<\/strong><br \/>En fait, Lyes Chetti n\u2019est pas bless\u00e9. Il n\u2019a rien de bien grave puisqu\u2019il a ce qu\u2019on appelle des cors. Ce sont des bosses de peau tr\u00e8s dure. En fait, ce sont des callosit\u00e9s pr\u00e9sentes sur une surface du pied qui s\u2019\u00e9paississent et forment un petit c\u00f4ne ou protub\u00e9rance souvent jaun\u00e2tre, et qui sont caus\u00e9s par un frottement excessif et r\u00e9p\u00e9t\u00e9. L\u2019\u00e9paississement de la peau est une r\u00e9action normale \u2013 un m\u00e9canisme de d\u00e9fense, m\u00eame ! \u2013 de celle-ci \u00e0 de trop intenses frottements, des frictions ou des compressions afin de prot\u00e9ger les tissus sous-cutan\u00e9s. Habituellement, un cor est douloureux si on appuie dessus. Les endroits les plus touch\u00e9s sont le dos des orteils, le pourtour du pied et la plante des pieds. Il est conseill\u00e9 de vite prendre en charge ce genre de probl\u00e8me sous peine d\u2019accentuer les douleurs.<\/p>\n<p><strong>Il a subi une petite intervention<\/strong><br \/>Afin d\u2019all\u00e9ger les douleurs et surtout garantir rapidement la gu\u00e9rison, on a appris que Chetti, et tout de suite apr\u00e8s avoir quitt\u00e9 le stade du 1er-Novembre, est all\u00e9 vers une clinique sp\u00e9cialis\u00e9e o\u00f9 il a eu \u00e0 subir une petite op\u00e9ration chirurgicale afin d\u2019enlever ces cors. Le joueur devra faire d\u00e9sormais attention pour vite se remettre sur pied.<br \/><strong>Sa pr\u00e9sence face \u00e0 l\u2019ESS pourrait \u00eatre remise en cause<\/strong><br \/>Apr\u00e8s avoir subi cette petite intervention chirurgicale, le joueur devra accentuer les soins. Il est possible qu\u2019il puisse effectuer quelques tours de piste aujourd\u2019hui, mais rien n\u2019est certain. La pr\u00e9sence de Chetti samedi prochain face \u00e0 l\u2019ES S\u00e9tif pourrait d\u00e8s lors \u00eatre remise en cause. On en saura davantage aujourd\u2019hui.<br \/>&#8212;&#8212;&#8212;&#8212;&#8212;-<\/p>\n<p><strong>\u00abJ\u2019ai d\u00fb arr\u00eater l\u2019entrainement car j\u2019avais mal\u00bb<\/strong><\/p>\n<p>Contact\u00e9 par nos soins hier apr\u00e8s-midi, Lyes Chetti nous a parl\u00e9 de ces douleurs qu\u2019il a ressenties et qui l\u2019ont oblig\u00e9 \u00e0 arr\u00eater l\u2019entra\u00eenement : \u00ab Oui, je n\u2019ai pas pu aller au bout de la s\u00e9ance d\u2019aujourd\u2019hui (Ndlr, hier). J\u2019ai ressenti de fortes douleurs aux pieds et j\u2019ai \u00e9t\u00e9 oblig\u00e9 de m\u2019arr\u00eater. Je suis all\u00e9 ensuite \u00e0 la clinique pour enlever ces cors aux pieds afin de me soulager. Je n\u2019ai rien de grave, mais je peux vous dire que c\u2019est douloureux \u00bb.<br \/><strong>\u00ab J\u2019essayerai de m\u2019entra\u00eener aujourd\u2019hui \u00bb<\/strong><br \/>A la question de savoir s\u2019il allait \u00eatre pr\u00e9sent \u00e0 l\u2019entra\u00eenement de mardi, le joueur nous a r\u00e9pondu : \u00ab Franchement, je ne sais pas encore. Je vais essayer de faire mon possible, quitte \u00e0 m\u2019entra\u00eener de mani\u00e8re assez l\u00e9g\u00e8re avec des baskets adapt\u00e9es. J\u2019esp\u00e8re juste que les douleurs cesseront afin que je puisse \u00eatre pr\u00eat pour jouer face \u00e0 l\u2019ESS \u00bb.<\/p>\n<p><strong>Publi\u00e9 dans :<\/strong> <span>JSK<\/span> <span>Ly\u00e8s Chetti<\/span><\/p>\n<\/div>\n<p>Auteur:<br \/>\n<a href=\"http:\/\/www.lebuteur.com\/article\/detail?titre=jsk-chetti-ressent-des-douleurs-et-quitte-la-seance&#038;id=86694&#038;utm_source=feedburner&#038;utm_medium=feed&#038;utm_campaign=Feed%3A+GalerieFArtciles+%28Les+derniers+articles++-+lebuteur.com%29\">Cliquez ici pour lire l&rsquo;article depuis sa source.<\/a><\/p>\n","protected":false},"excerpt":{"rendered":"<p>Auteur : S. F. mardi 26 f\u00e9vrier 2019 10:46 Apr\u00e8s une journ\u00e9e de repos accord\u00e9e par le staff technique, les joueurs de la JS Kabylie ont repris hier matin le chemin de l\u2019entra\u00eenement au stade du 1er-Novembre de Tizi-Ouzou. Une s\u00e9ance qui s\u2019est plut\u00f4t bien d\u00e9roul\u00e9e, sauf qu\u2019une alerte a \u00e9t\u00e9 signal\u00e9e et elle concerne [&hellip;]<\/p>\n","protected":false},"author":1738,"featured_media":17584,"comment_status":"closed","ping_status":"closed","sticky":false,"template":"","format":"standard","meta":{"fifu_image_url":"","fifu_image_alt":"","footnotes":""},"categories":[53,75],"tags":[],"class_list":["post-17582","post","type-post","status-publish","format-standard","has-post-thumbnail","hentry","category-algerie","category-sport"],"_links":{"self":[{"href":"https:\/\/linitiative.ca\/International\/wp-json\/wp\/v2\/posts\/17582","targetHints":{"allow":["GET"]}}],"collection":[{"href":"https:\/\/linitiative.ca\/International\/wp-json\/wp\/v2\/posts"}],"about":[{"href":"https:\/\/linitiative.ca\/International\/wp-json\/wp\/v2\/types\/post"}],"author":[{"embeddable":true,"href":"https:\/\/linitiative.ca\/International\/wp-json\/wp\/v2\/users\/1738"}],"replies":[{"embeddable":true,"href":"https:\/\/linitiative.ca\/International\/wp-json\/wp\/v2\/comments?post=17582"}],"version-history":[{"count":0,"href":"https:\/\/linitiative.ca\/International\/wp-json\/wp\/v2\/posts\/17582\/revisions"}],"wp:featuredmedia":[{"embeddable":true,"href":"https:\/\/linitiative.ca\/International\/wp-json\/"}],"wp:attachment":[{"href":"https:\/\/linitiative.ca\/International\/wp-json\/wp\/v2\/media?parent=17582"}],"wp:term":[{"taxonomy":"category","embeddable":true,"href":"https:\/\/linitiative.ca\/International\/wp-json\/wp\/v2\/categories?post=17582"},{"taxonomy":"post_tag","embeddable":true,"href":"https:\/\/linitiative.ca\/International\/wp-json\/wp\/v2\/tags?post=17582"}],"curies":[{"name":"wp","href":"https:\/\/api.w.org\/{rel}","templated":true}]}}