{"id":17587,"date":"2019-02-26T06:58:24","date_gmt":"2019-02-26T11:58:24","guid":{"rendered":"https:\/\/linitiative.ca\/International\/ficm-de-tetouan-2019-le-cinema-palestinien-a-lhonneur\/"},"modified":"2019-02-26T06:58:24","modified_gmt":"2019-02-26T11:58:24","slug":"ficm-de-tetouan-2019-le-cinema-palestinien-a-lhonneur","status":"publish","type":"post","link":"https:\/\/linitiative.ca\/International\/ficm-de-tetouan-2019-le-cinema-palestinien-a-lhonneur\/","title":{"rendered":"FICM de T\u00e9touan 2019 : Le cin\u00e9ma palestinien \u00e0 l\u2019honneur"},"content":{"rendered":"<p><img decoding=\"async\" class=\"post_layout_5_img\" src=\"http:\/\/aujourdhui.ma\/wp-content\/uploads\/2019\/02\/Le-pre%CC%81sident-du-jury-Roberto-Giacomo-Pischiutta.jpg?x29840\" alt=\"FICM de T\u00e9touan 2019 : Le cin\u00e9ma palestinien \u00e0 l\u2019honneur\"\/><\/p>\n<p class=\"p1\"><span class=\"c4\"><strong>L\u2019artiste italien Roberto Giacomo Pischiutta pr\u00e9sident du jury du long m\u00e9trage<\/strong><\/span><span id=\"more-306259\"\/><\/p>\n<p class=\"p1\"><span class=\"s1\">Les pr\u00e9paratifs pour le 25\u00e8me Festival du cin\u00e9ma m\u00e9diterran\u00e9en de T\u00e9touan (FICMT), dont les activit\u00e9s sont pr\u00e9vues du 23 au 30 mars, vont bon train. Les organisateurs ont jet\u00e9 leur d\u00e9volu sur l\u2019artiste Roberto Giacomo Pischiutta comme pr\u00e9sident du jury du long m\u00e9trage de cette \u00e9dition. Riche de son exp\u00e9rience cin\u00e9matographique et musicale, cet artiste italien a compos\u00e9 plus de 150 bandes sonores de films et a remport\u00e9 de nombreux prix, dont l\u2019Oscar, le David di Donatello, le Rubin Silver, le Bifest pour la meilleure bande sonore, le Soundtracks Stars Award au Show du cin\u00e9ma \u00e0 Venise,\u2026 Dans sa mission du pr\u00e9sident du jury, Giacomo Pischiutta sera accompagn\u00e9, pendant une semaine, de la r\u00e9alisatrice turque Pelin Esmer, de la r\u00e9alisatrice ivoirienne Suzanne Kouame, du r\u00e9alisateur et producteur marocain Jamal Souissi et de l\u2019actrice fran\u00e7aise Myriam M\u00e9zi\u00e8res.<\/span><\/p>\n<p class=\"p1\"><span class=\"s1\">Celui du film documentaire sera dirig\u00e9 par le r\u00e9alisateur alg\u00e9rien Malik Bensma\u00efl, qui sera assist\u00e9 par le critique marocain Moulay Idriss Ja\u00efdi, le r\u00e9alisateur tunisien Khalid Ghorbal, la productrice palestinienne Rafia Ora\u00efdi et la cin\u00e9aste fran\u00e7aise Rebecca de Pas. Concernant le jury de la critique, portant le nom de Mustafa Messnaoui, il sera pr\u00e9sid\u00e9 par l\u2019universitaire et critique marocain Mohamed Gallaoui. Ce dernier sera accompagn\u00e9 dans sa mission par le pr\u00e9sident de l\u2019Association marocaine des critiques de cin\u00e9ma, Omar Belkhamar, la<span class=\"Apple-converted-space\">\u00a0<\/span> critique et journaliste marocaine Amina Barakat, le critique \u00e9gyptien Ahmed Shawky et l\u2019universitaire tunisienne Lamia Belkaied-Guiga.<\/span><\/p>\n<p class=\"p1\"><span class=\"s1\">Les organisateurs ont port\u00e9 leur choix sur le cin\u00e9ma palestinien comme l\u2019invit\u00e9 d\u2019honneur de cette 25\u00e8me \u00e9dition. Les T\u00e9touanais et les invit\u00e9s de la ville sont invit\u00e9s \u00e0 voir de nouveaux films palestiniens, notamment \u00abTournevis\u00bb de Bassam Jarbawi, \u00abVilla Touma\u00bb de Sahi Araf, \u00abEmwas\u00bb de Dima Abu Ghosh, \u00abL\u2019exode\u00bb de Hind Shoufani, \u00abBonbon\u00e9\u00bb de Rakan Mayasi, \u00abLe tuyau\u00bb de Sami Za\u00e2rour, \u00abZone C\u00bb de Salah Abu Nimah, \u00abLe perroquet\u00bb de Darren Salam et \u00abLa vie des pigeons\u00bb d\u2019Abou Shanab. <em>\u00abIl semblerait que le cin\u00e9ma palestinien, et d\u00e8s sa naissance, a \u00e9t\u00e9 d\u2019embl\u00e9e un cin\u00e9ma \u00e0 th\u00e8se. Il<\/em> <em>a, en effet, accompagn\u00e9 les premi\u00e8res manifestations de la lutte arm\u00e9e de son peuple, et a \u00e9t\u00e9 t\u00e9moin de la complexit\u00e9 de cette cause juste aux enjeux multiples. C\u2019est le cin\u00e9ma de la contestation, de la r\u00e9volte et de la revendication. Il n\u2019en demeure pas moins qu\u2019il a r\u00e9ussi \u00e0 cr\u00e9er ses vedettes telles que Mohammed Bakri, Hiam Abbass, Maysaa Abdel Hadi et Elia Suleiman\u00bb,<\/em> selon les organisateurs.<\/span><\/p>\n<p class=\"p1\"><span class=\"s1\">Le programme comporte pour la m\u00eame occasion d\u2019autres films, qui font partie de la m\u00e9moire palestinienne, parmi lesquels figurent \u00abFleur des villes\u00bb d\u2019Ali Siam, \u00abLa Palestine dans l\u2019\u0153il\u00bb de Mustafa Abu Ali, \u00abAppel urgent pour la Palestine\u00bb et \u00abLueur de m\u00e9moire\u00bb d\u2019Ismael Shamoutt ainsi que \u00abIdentit\u00e9 palestinienne\u00bb de Kassem Hawal.<\/span><\/p>\n<p>Auteur: Najat Fa\u00efssal<br \/>\n<a href=\"http:\/\/aujourdhui.ma\/culture\/cinema\/ficm-de-tetouan-2019-le-cinema-palestinien-a-lhonneur\">Cliquez ici pour lire l&rsquo;article depuis sa source.<\/a><\/p>\n","protected":false},"excerpt":{"rendered":"<p>L\u2019artiste italien Roberto Giacomo Pischiutta pr\u00e9sident du jury du long m\u00e9trage Les pr\u00e9paratifs pour le 25\u00e8me Festival du cin\u00e9ma m\u00e9diterran\u00e9en de T\u00e9touan (FICMT), dont les activit\u00e9s sont pr\u00e9vues du 23 au 30 mars, vont bon train. Les organisateurs ont jet\u00e9 leur d\u00e9volu sur l\u2019artiste Roberto Giacomo Pischiutta comme pr\u00e9sident du jury du long m\u00e9trage de [&hellip;]<\/p>\n","protected":false},"author":1759,"featured_media":0,"comment_status":"closed","ping_status":"closed","sticky":false,"template":"","format":"standard","meta":{"fifu_image_url":"","fifu_image_alt":"","footnotes":""},"categories":[73,54],"tags":[],"class_list":["post-17587","post","type-post","status-publish","format-standard","hentry","category-actualite","category-maroc"],"_links":{"self":[{"href":"https:\/\/linitiative.ca\/International\/wp-json\/wp\/v2\/posts\/17587","targetHints":{"allow":["GET"]}}],"collection":[{"href":"https:\/\/linitiative.ca\/International\/wp-json\/wp\/v2\/posts"}],"about":[{"href":"https:\/\/linitiative.ca\/International\/wp-json\/wp\/v2\/types\/post"}],"author":[{"embeddable":true,"href":"https:\/\/linitiative.ca\/International\/wp-json\/wp\/v2\/users\/1759"}],"replies":[{"embeddable":true,"href":"https:\/\/linitiative.ca\/International\/wp-json\/wp\/v2\/comments?post=17587"}],"version-history":[{"count":0,"href":"https:\/\/linitiative.ca\/International\/wp-json\/wp\/v2\/posts\/17587\/revisions"}],"wp:attachment":[{"href":"https:\/\/linitiative.ca\/International\/wp-json\/wp\/v2\/media?parent=17587"}],"wp:term":[{"taxonomy":"category","embeddable":true,"href":"https:\/\/linitiative.ca\/International\/wp-json\/wp\/v2\/categories?post=17587"},{"taxonomy":"post_tag","embeddable":true,"href":"https:\/\/linitiative.ca\/International\/wp-json\/wp\/v2\/tags?post=17587"}],"curies":[{"name":"wp","href":"https:\/\/api.w.org\/{rel}","templated":true}]}}