{"id":17588,"date":"2019-02-26T11:19:25","date_gmt":"2019-02-26T16:19:25","guid":{"rendered":"https:\/\/linitiative.ca\/International\/ligue-1-2-jsk-vers-la-signature-dun-partenariat-avec-lolympique-de-marseille\/"},"modified":"2019-02-26T11:19:25","modified_gmt":"2019-02-26T16:19:25","slug":"ligue-1-2-jsk-vers-la-signature-dun-partenariat-avec-lolympique-de-marseille","status":"publish","type":"post","link":"https:\/\/linitiative.ca\/International\/ligue-1-2-jsk-vers-la-signature-dun-partenariat-avec-lolympique-de-marseille\/","title":{"rendered":"Ligue 1 &#038; 2 : JSK : Vers la signature d\u2019un partenariat avec l\u2019Olympique de Marseille !"},"content":{"rendered":"<div readability=\"32\">\n<p>Auteur : <span>M. L.<\/span> <span class=\"time\">mardi 26 f\u00e9vrier 2019 10:46<\/span><\/p>\n<\/div>\n<div id=\"post_core\" readability=\"54\">\n<p>Nous avons appris de sources s\u00fbres qu\u2019un protocole de partenariat pourrait \u00eatre sign\u00e9 tr\u00e8s prochainement par la direction de la JSK avec son homologue de l\u2019Olympique de Marseille. Un partenariat qui englobera notamment plusieurs \u00e9changes entre les deux clubs et permettra surtout au club kabyle de prendre exemple sur l\u2019exp\u00e9rience professionnelle du club phoc\u00e9en. Il sera aussi question d\u2019un possible stage de pr\u00e9paration des Canaris au sein du centre d\u2019entra\u00eenement du club marseillais ainsi que d\u2019autres avantages, comme par exemple tout ce qui concerne la formation des jeunes joueurs.<\/p>\n<p><strong>Une proposition sugg\u00e9r\u00e9e par Rebrab<\/strong><br \/>Et cette id\u00e9e de signature d\u2019un partenariat avec le club le plus populaire de France est venue, a-t-on appris, du PDG de Cevital, Issa\u00e2d Rebrab, qui a \u00e9t\u00e9 d\u00e9sign\u00e9 comme tout le monde le sait pour la r\u00e9alisation du centre de formation de la JSK. Le natif de Beni Douala veut aussi aider le club dans d\u2019autres domaines. \u00a0<\/p>\n<p><strong>Un match amical en vue ?<\/strong><br \/>Si l\u2019information venait \u00e0 \u00eatre confirm\u00e9e prochainement et qu\u2019un accord de partenariat venait donc \u00e0 \u00eatre sign\u00e9 avec l\u2019OM, il n\u2019est pas \u00e0 \u00e9carter la programmation d\u2019un match amical entre les deux clubs, sans doute pour l\u2019inauguration prochaine du nouveau stade de 50 000 places. Un partenariat qui servira au club et l\u2019aidera \u00e0 franchir une autre \u00e9tape importante dans son \u00e9volution.<br \/>\u00a0<\/p>\n<p><strong>Publi\u00e9 dans :<\/strong> <span>Issa\u00e2d Rebrab<\/span> <span>Cevital<\/span> <span>JSK-Olympique de Marseille<\/span><\/p>\n<\/div>\n<p>Auteur:<br \/>\n<a href=\"http:\/\/www.lebuteur.com\/article\/detail?titre=jsk-vers-la-signature-dun-partenariat-avec-lolympique-de-marseille&#038;id=86693&#038;utm_source=feedburner&#038;utm_medium=feed&#038;utm_campaign=Feed%3A+GalerieFArtciles+%28Les+derniers+articles++-+lebuteur.com%29\">Cliquez ici pour lire l&rsquo;article depuis sa source.<\/a><\/p>\n","protected":false},"excerpt":{"rendered":"<p>Auteur : M. L. mardi 26 f\u00e9vrier 2019 10:46 Nous avons appris de sources s\u00fbres qu\u2019un protocole de partenariat pourrait \u00eatre sign\u00e9 tr\u00e8s prochainement par la direction de la JSK avec son homologue de l\u2019Olympique de Marseille. Un partenariat qui englobera notamment plusieurs \u00e9changes entre les deux clubs et permettra surtout au club kabyle de [&hellip;]<\/p>\n","protected":false},"author":1738,"featured_media":17593,"comment_status":"closed","ping_status":"closed","sticky":false,"template":"","format":"standard","meta":{"fifu_image_url":"","fifu_image_alt":"","footnotes":""},"categories":[53,75],"tags":[],"class_list":["post-17588","post","type-post","status-publish","format-standard","has-post-thumbnail","hentry","category-algerie","category-sport"],"_links":{"self":[{"href":"https:\/\/linitiative.ca\/International\/wp-json\/wp\/v2\/posts\/17588","targetHints":{"allow":["GET"]}}],"collection":[{"href":"https:\/\/linitiative.ca\/International\/wp-json\/wp\/v2\/posts"}],"about":[{"href":"https:\/\/linitiative.ca\/International\/wp-json\/wp\/v2\/types\/post"}],"author":[{"embeddable":true,"href":"https:\/\/linitiative.ca\/International\/wp-json\/wp\/v2\/users\/1738"}],"replies":[{"embeddable":true,"href":"https:\/\/linitiative.ca\/International\/wp-json\/wp\/v2\/comments?post=17588"}],"version-history":[{"count":0,"href":"https:\/\/linitiative.ca\/International\/wp-json\/wp\/v2\/posts\/17588\/revisions"}],"wp:featuredmedia":[{"embeddable":true,"href":"https:\/\/linitiative.ca\/International\/wp-json\/"}],"wp:attachment":[{"href":"https:\/\/linitiative.ca\/International\/wp-json\/wp\/v2\/media?parent=17588"}],"wp:term":[{"taxonomy":"category","embeddable":true,"href":"https:\/\/linitiative.ca\/International\/wp-json\/wp\/v2\/categories?post=17588"},{"taxonomy":"post_tag","embeddable":true,"href":"https:\/\/linitiative.ca\/International\/wp-json\/wp\/v2\/tags?post=17588"}],"curies":[{"name":"wp","href":"https:\/\/api.w.org\/{rel}","templated":true}]}}