{"id":17594,"date":"2019-02-26T07:11:33","date_gmt":"2019-02-26T12:11:33","guid":{"rendered":"https:\/\/linitiative.ca\/International\/ait-melloul-un-etudiant-universitaire-mortellement-poignarde-par-des-malfrats\/"},"modified":"2019-02-26T07:11:33","modified_gmt":"2019-02-26T12:11:33","slug":"ait-melloul-un-etudiant-universitaire-mortellement-poignarde-par-des-malfrats","status":"publish","type":"post","link":"https:\/\/linitiative.ca\/International\/ait-melloul-un-etudiant-universitaire-mortellement-poignarde-par-des-malfrats\/","title":{"rendered":"A\u00eft Melloul\u00a0: Un \u00e9tudiant universitaire mortellement poignard\u00e9 par des malfrats"},"content":{"rendered":"<header>\n<\/header>\n<div class=\"entry-content clearfix\" readability=\"48\"><img decoding=\"async\" class=\"post_layout_5_img\" src=\"http:\/\/aujourdhui.ma\/wp-content\/uploads\/2016\/04\/agression-Couteau-arme-Blanche.jpg?x29840\" alt=\"A\u00eft Melloul\u00a0: Un \u00e9tudiant universitaire mortellement poignard\u00e9 par des malfrats\"\/><\/p>\n<p class=\"p1\"><span class=\"c4\"><strong>Un \u00e9tudiant poursuivant ses \u00e9tudes au campus universitaire A\u00eft Melloul affili\u00e9 \u00e0 l\u2019Universit\u00e9 Ibn Zohr d\u2019Agadir a \u00e9t\u00e9 tu\u00e9, la nuit du samedi au dimanche, par trois malfrats dont deux mineurs.<\/strong><\/span> <span id=\"more-306266\"\/><\/p>\n<p class=\"p1\">Ces deux derniers demeurent encore en \u00e9tat de fuite alors que le troisi\u00e8me a \u00e9t\u00e9 arr\u00eat\u00e9 par les \u00e9l\u00e9ments de la police judiciaire d\u2019A\u00eft Melloul qui se sont d\u00e9p\u00each\u00e9s sur la sc\u00e8ne du crime d\u00e8s qu\u2019ils ont \u00e9t\u00e9 alert\u00e9s. Au d\u00e9part des investigations polici\u00e8res, les limiers sont arriv\u00e9s \u00e0 identifier la victime qui demeurait au douar Akouray relevant de la commune rurale Reggada de la province de Tiznit. Le constat d\u2019usage a permis aux enqu\u00eateurs de remarquer que le d\u00e9funt a \u00e9t\u00e9 sauvagement poignard\u00e9 au niveau de ses membres inf\u00e9rieurs. Une h\u00e9morragie a caus\u00e9 sa mort avant d\u2019arriver, \u00e0 bord d\u2019une ambulance de la protection civile, \u00e0 l\u2019h\u00f4pital.<\/p>\n<p class=\"p1\">\u00c2g\u00e9 de vingt ans, le mis en cause principal a avou\u00e9 son crime tout en r\u00e9v\u00e9lant les identit\u00e9s de ses deux complices qui sont activement recherch\u00e9s par la police.<\/p>\n<\/div>\n<p>Auteur: Abderrafii ALOUMLIKI<br \/>\n<a href=\"http:\/\/aujourdhui.ma\/faits-divers\/ait-melloul-un-etudiant-universitaire-mortellement-poignarde-par-des-malfrats\">Cliquez ici pour lire l&rsquo;article depuis sa source.<\/a><\/p>\n","protected":false},"excerpt":{"rendered":"<p>Un \u00e9tudiant poursuivant ses \u00e9tudes au campus universitaire A\u00eft Melloul affili\u00e9 \u00e0 l\u2019Universit\u00e9 Ibn Zohr d\u2019Agadir a \u00e9t\u00e9 tu\u00e9, la nuit du samedi au dimanche, par trois malfrats dont deux mineurs. Ces deux derniers demeurent encore en \u00e9tat de fuite alors que le troisi\u00e8me a \u00e9t\u00e9 arr\u00eat\u00e9 par les \u00e9l\u00e9ments de la police judiciaire d\u2019A\u00eft [&hellip;]<\/p>\n","protected":false},"author":1759,"featured_media":0,"comment_status":"closed","ping_status":"closed","sticky":false,"template":"","format":"standard","meta":{"fifu_image_url":"","fifu_image_alt":"","footnotes":""},"categories":[73,54],"tags":[],"class_list":["post-17594","post","type-post","status-publish","format-standard","hentry","category-actualite","category-maroc"],"_links":{"self":[{"href":"https:\/\/linitiative.ca\/International\/wp-json\/wp\/v2\/posts\/17594","targetHints":{"allow":["GET"]}}],"collection":[{"href":"https:\/\/linitiative.ca\/International\/wp-json\/wp\/v2\/posts"}],"about":[{"href":"https:\/\/linitiative.ca\/International\/wp-json\/wp\/v2\/types\/post"}],"author":[{"embeddable":true,"href":"https:\/\/linitiative.ca\/International\/wp-json\/wp\/v2\/users\/1759"}],"replies":[{"embeddable":true,"href":"https:\/\/linitiative.ca\/International\/wp-json\/wp\/v2\/comments?post=17594"}],"version-history":[{"count":0,"href":"https:\/\/linitiative.ca\/International\/wp-json\/wp\/v2\/posts\/17594\/revisions"}],"wp:attachment":[{"href":"https:\/\/linitiative.ca\/International\/wp-json\/wp\/v2\/media?parent=17594"}],"wp:term":[{"taxonomy":"category","embeddable":true,"href":"https:\/\/linitiative.ca\/International\/wp-json\/wp\/v2\/categories?post=17594"},{"taxonomy":"post_tag","embeddable":true,"href":"https:\/\/linitiative.ca\/International\/wp-json\/wp\/v2\/tags?post=17594"}],"curies":[{"name":"wp","href":"https:\/\/api.w.org\/{rel}","templated":true}]}}