{"id":17600,"date":"2019-02-26T06:33:36","date_gmt":"2019-02-26T11:33:36","guid":{"rendered":"https:\/\/linitiative.ca\/International\/ain-defla-marche-de-gros-de-bourached-une-structure-pour-booster-leconomie-regionale\/"},"modified":"2019-02-26T06:33:36","modified_gmt":"2019-02-26T11:33:36","slug":"ain-defla-marche-de-gros-de-bourached-une-structure-pour-booster-leconomie-regionale","status":"publish","type":"post","link":"https:\/\/linitiative.ca\/International\/ain-defla-marche-de-gros-de-bourached-une-structure-pour-booster-leconomie-regionale\/","title":{"rendered":"<div>A\u00efn Defla: march\u00e9 de gros de Bourached, une structure pour booster l&rsquo;\u00e9conomie r\u00e9gionale<\/div>"},"content":{"rendered":"<div>\n<div class=\"K2FeedImage\"><img decoding=\"async\" src=\"http:\/\/www.aps.dz\/media\/k2\/items\/cache\/c28f16e4cfed446146291cfdf0e746a3_S.jpg\" alt=\"A\u00efn Defla: march\u00e9 de gros de Bourached, une structure pour booster l'\u00e9conomie r\u00e9gionale\"><\/div>\n<div class=\"K2FeedIntroText\">\n<p><strong>AIN DEFLA &#8211; Attendu depuis quelque temps d\u00e9j\u00e0 pour booster l&rsquo;activit\u00e9 \u00e9conomique locale, le march\u00e9 de gros de fruits et l\u00e9gumes de Bourached (15 km au sud-ouest de A\u00efn Defla), qui a ouvert ses portes samedi dernier, aura pour principal objectif l&rsquo;harmonisation de la distribution des produits agricoles.<\/strong><\/p>\n<\/div>\n<div class=\"K2FeedFullText\">\n<p>L&rsquo;implantation d&rsquo;un march\u00e9 de gros \u00e0 A\u00efn Defla \u00e9tait d&rsquo;autant plus attendue que les agriculteurs de la r\u00e9gion \u00e9taient, par le pass\u00e9, contraints de se d\u00e9placer vers d&rsquo;autres structures du m\u00eame genre en vue d&rsquo;\u00e9couler leurs produits.<\/p>\n<p>Pour d&rsquo;aucuns, les r\u00e9sultats obtenus durant les derni\u00e8res ann\u00e9es par la wilaya de A\u00efn Defla en mati\u00e8re de production agricole et de valeur ajout\u00e9e a rendu \u00ab\u00a0in\u00e9luctable\u00a0\u00bb la r\u00e9alisation d&rsquo;un march\u00e9 de gros de fruits et l\u00e9gumes sur son territoire.<\/p>\n<hr>\n<h3>Lire aussi:\u00a0<a href=\"http:\/\/www.aps.dz\/economie\/81270-pour-un-suivi-de-l-activite-des-marches-de-gros-et-un-controle-de-la-tracabilite-des-marchandises\" target=\"_blank\" rel=\"noopener noreferrer\">Pour un suivi de l&rsquo;activit\u00e9 des march\u00e9s de gros et un contr\u00f4le de la tra\u00e7abilit\u00e9 des marchandises<\/a><\/h3>\n<hr>\n<p>Une activit\u00e9 intense a \u00e9t\u00e9 constat\u00e9e au premier jour de l&rsquo;ouverture du nouveau march\u00e9 de gros de fruits et l\u00e9gumes de Bourached vers lequel ont afflu\u00e9 des dizaines de camions emplis de toutes sortes de fruits et l\u00e9gumes en vue de les \u00e9couler aupr\u00e8s des marchands de d\u00e9tails.<\/p>\n<p>Les agricultures et les commer\u00e7ants sont unanimes pour dire que ce march\u00e9 de gros de fruits et l\u00e9gumes impulsera une grande dynamique au secteur de l&rsquo;agriculture et aux activit\u00e9s s&rsquo;y rattachant, leur \u00e9vitant les pertes de temps induites par les fr\u00e9quents d\u00e9placements vers les structures similaires des wilaya de Chlef et de Blida.<\/p>\n<p>\u00a0<\/p>\n<p style=\"text-align: center;\"><strong>Un projet g\u00e9n\u00e9rateur de plus de 1000 emplois<\/strong><\/p>\n<p>\u00a0<\/p>\n<p>Implant\u00e9 \u00e0 proximit\u00e9 du tron\u00e7on de l&rsquo;autoroute est-ouest traversant la wilaya d&rsquo;A\u00efn Defla, le march\u00e9 de gros de fruits et l\u00e9gumes de Bourached s&rsquo;\u00e9tale sur une superficie de 12,2 ha, dont 3 ha pour la surface couverte, 1,2 ha pour la surface b\u00e2tie, 7,2 ha pour le parking et 0,5 ha pour les espaces verts. Il dispose de toutes les commodit\u00e9s n\u00e9cessaires \u00e0 son bon fonctionnement \u00e0 l&rsquo;image notamment d&rsquo;un h\u00f4tel et nombre de caf\u00e9s et de restaurants.<\/p>\n<p>La quantit\u00e9 de fruits et l\u00e9gumes qui transiteront annuellement par le march\u00e9 atteindront les 480 000 tonnes, affirment les gestionnaires de cette structure.<\/p>\n<p>Selon le directeur du march\u00e9, Abdelkader Abdelaziz, cette structure g\u00e9n\u00e9rera plus de 1000 postes d&#8217;emplois directs et indirects, \u00ab\u00a0un chiffre qui sera certainement revu \u00e0 la hausse une fois que le march\u00e9 aura atteint sa vitesse de croisi\u00e8re\u00a0\u00bb, a-t-il soutenu.<\/p>\n<hr>\n<h3>Lire aussi:\u00a0<a href=\"http:\/\/www.aps.dz\/economie\/85756-commerce-reduction-des-importations-et-meilleure-regulation-du-marche-local\" target=\"_blank\" rel=\"noopener noreferrer\">Commerce: r\u00e9duction des importations et meilleure r\u00e9gulation du march\u00e9 local<\/a><\/h3>\n<hr>\n<p>Sur les 196 carreaux que compte le march\u00e9, 180 ont \u00e9t\u00e9 d\u00e9j\u00e0 vendus aux mandataires, a-t-il fait savoir, assurant que ces derniers sont d&rsquo;horizons divers, \u00e0 l&rsquo;image d&rsquo;Alger, Tipasa, Gharda\u00efa, M\u00e9d\u00e9a, Chlef et d&rsquo;Oran.<\/p>\n<blockquote>\n<p><em><strong>\u00ab\u00a0Les march\u00e9s de gros de fruits et l\u00e9gumes jouent un r\u00f4le de premier plan en mati\u00e8re de r\u00e9gulation du march\u00e9, de lutte contre les pratiques frauduleuses, d&rsquo;harmonisation de la distribution des produits agricoles afin d&rsquo;assurer l&rsquo;\u00e9quilibre entre l&rsquo;offre et la demande et faire face aux tensions sur les diff\u00e9rents produits ainsi qu&rsquo;aux \u00e9ventuelles ruptures d&rsquo;approvisionnement\u00a0\u00bb, a-t-il observ\u00e9.<\/strong><\/em><\/p>\n<\/blockquote>\n<p>De son c\u00f4t\u00e9, le repr\u00e9sentant des commer\u00e7ants activant au march\u00e9, Touhami Ahmed Chafik, s&rsquo;est f\u00e9licit\u00e9 du climat \u00ab\u00a0empreint de s\u00e9r\u00e9nit\u00e9\u00a0\u00bb qui pr\u00e9vaut au sein du march\u00e9. Selon lui, cette structure a ouvert ses portes d\u00e8s 3 h du matin en vue de permettre aux agriculteurs de vider leurs camions en toute s\u00e9r\u00e9nit\u00e9 et sans aucune pression.<\/p>\n<p>Assurant que cette nouvelle structure \u00ab\u00a0impulsera une dynamique nouvelle aux secteurs de l&rsquo;agriculture et du commerce de la r\u00e9gion\u00a0\u00bb, le repr\u00e9sentant des commer\u00e7ants a observ\u00e9 que le march\u00e9 est d&rsquo;envergure r\u00e9gionale puisqu&rsquo;il re\u00e7oit la production agricole des wilaya de Chlef, Blida, Tipasa et Tissemsilt.<\/p>\n<hr>\n<h3>Lire aussi:\u00a0<a href=\"http:\/\/www.aps.dz\/Commerce%20:%20ouverture%20d'un%20march%C3%A9%20de%20gros%20des%20fruits%20et%20l%C3%A9gumes%20%C3%A0%20A%C3%AFn%20Defla\" target=\"_blank\" rel=\"noopener noreferrer\">Commerce : ouverture d&rsquo;un march\u00e9 de gros des fruits et l\u00e9gumes \u00e0 A\u00efn Defla<\/a><\/h3>\n<hr>\n<p>De leur c\u00f4t\u00e9, les agriculteurs ont fait part de leur \u00ab\u00a0grande joie\u00a0\u00bb apr\u00e8s le d\u00e9but d&rsquo;activit\u00e9 de ce march\u00e9, soutenant que l&rsquo;entr\u00e9e en service de cette aire leur \u00e9pargnera les d\u00e9placements vers les structures similaires notamment celles de Chlef, Hattatba (Tipasa) ainsi que Boufarik et Bougara\u00a0(Blida).<\/p>\n<p>\u00ab\u00a0Je m&rsquo;adonne \u00e0 l&rsquo;agriculture depuis pr\u00e8s de 20 ans et je me suis, selon les circonstances du moment, toujours rendu \u00e0 Chlef, Hattatba, Boufarik ou Bougara pour \u00e9couler ma marchandise. Aujourd&rsquo;hui, je ne peux que travailler avec d&rsquo;avantage de s\u00e9r\u00e9nit\u00e9 au regard du gain de temps et d&rsquo;argent qu&rsquo;implique l&rsquo;entr\u00e9e en service du march\u00e9\u00a0\u00bb, s&rsquo;est r\u00e9joui Djelloul, un agriculteur de la r\u00e9gion d&rsquo;El Amra dans la wilaya d\u2019A\u00efn Defla.<\/p>\n<p>Pour sa part, le P\/APC de Bourached, Nouredine Selmane, s&rsquo;est dit \u00ab\u00a0convaincu\u00a0\u00bb que l&rsquo;entr\u00e9e en service de cette nouvelle structure m\u00e9tamorphosera la r\u00e9gion dans sa globalit\u00e9, en faisant d&rsquo;elle un \u00ab\u00a0p\u00f4le \u00e9conomique et commercial de premier plan\u00a0\u00bb.<\/p>\n<p>Selon lui, le fait que le march\u00e9 soit situ\u00e9 \u00e0 proximit\u00e9 du tron\u00e7on de l&rsquo;autoroute Est-Ouest traversant la wilaya de A\u00efn Defla le rend d&rsquo;avantage accessible, mettant en exergue son r\u00f4le en mati\u00e8re de r\u00e9gulation de la production agricole.<\/p>\n<\/div>\n<\/div>\n<p>Auteur:<br \/>\n<a href=\"http:\/\/www.aps.dz\/regions\/86148-ain-defla-marche-de-gros-de-bourached-une-structure-pour-booster-l-economie-regionale\">Cliquez ici pour lire l&rsquo;article depuis sa source.<\/a><\/p>\n","protected":false},"excerpt":{"rendered":"<p>AIN DEFLA &#8211; Attendu depuis quelque temps d\u00e9j\u00e0 pour booster l&rsquo;activit\u00e9 \u00e9conomique locale, le march\u00e9 de gros de fruits et l\u00e9gumes de Bourached (15 km au sud-ouest de A\u00efn Defla), qui a ouvert ses portes samedi dernier, aura pour principal objectif l&rsquo;harmonisation de la distribution des produits agricoles. L&rsquo;implantation d&rsquo;un march\u00e9 de gros \u00e0 A\u00efn [&hellip;]<\/p>\n","protected":false},"author":1790,"featured_media":17604,"comment_status":"closed","ping_status":"closed","sticky":false,"template":"","format":"standard","meta":{"fifu_image_url":"","fifu_image_alt":"","footnotes":""},"categories":[53,76],"tags":[],"class_list":["post-17600","post","type-post","status-publish","format-standard","has-post-thumbnail","hentry","category-algerie","category-regions"],"_links":{"self":[{"href":"https:\/\/linitiative.ca\/International\/wp-json\/wp\/v2\/posts\/17600","targetHints":{"allow":["GET"]}}],"collection":[{"href":"https:\/\/linitiative.ca\/International\/wp-json\/wp\/v2\/posts"}],"about":[{"href":"https:\/\/linitiative.ca\/International\/wp-json\/wp\/v2\/types\/post"}],"author":[{"embeddable":true,"href":"https:\/\/linitiative.ca\/International\/wp-json\/wp\/v2\/users\/1790"}],"replies":[{"embeddable":true,"href":"https:\/\/linitiative.ca\/International\/wp-json\/wp\/v2\/comments?post=17600"}],"version-history":[{"count":0,"href":"https:\/\/linitiative.ca\/International\/wp-json\/wp\/v2\/posts\/17600\/revisions"}],"wp:featuredmedia":[{"embeddable":true,"href":"https:\/\/linitiative.ca\/International\/wp-json\/"}],"wp:attachment":[{"href":"https:\/\/linitiative.ca\/International\/wp-json\/wp\/v2\/media?parent=17600"}],"wp:term":[{"taxonomy":"category","embeddable":true,"href":"https:\/\/linitiative.ca\/International\/wp-json\/wp\/v2\/categories?post=17600"},{"taxonomy":"post_tag","embeddable":true,"href":"https:\/\/linitiative.ca\/International\/wp-json\/wp\/v2\/tags?post=17600"}],"curies":[{"name":"wp","href":"https:\/\/api.w.org\/{rel}","templated":true}]}}